{"id":84431,"date":"2019-02-12T15:10:25","date_gmt":"2019-02-12T18:10:25","guid":{"rendered":"http:\/\/www.caririemacao.com\/1\/?p=84431"},"modified":"2019-02-12T15:10:30","modified_gmt":"2019-02-12T18:10:30","slug":"stf-deve-julgar-nesta-quarta-feira-acao-que-criminaliza-a-homofobia","status":"publish","type":"post","link":"https:\/\/www.caririemacao.com\/1\/2019\/02\/12\/stf-deve-julgar-nesta-quarta-feira-acao-que-criminaliza-a-homofobia\/","title":{"rendered":"STF deve julgar nesta quarta-feira a\u00e7\u00e3o que criminaliza a homofobia"},"content":{"rendered":"\n<p>O plen\u00e1rio do Supremo Tribunal Federal pode decidir nesta semana se a homofobia e a transfobia devem ser criminalizadas.<\/p>\n\n\n\n<p>Ser\u00e1 um julgamento tem\u00e1tico, de uma A\u00e7\u00e3o Direta de Inconstitucionalidade por omiss\u00e3o, movida pelo partido PPS; e de um Mandado de Injun\u00e7\u00e3o proposto pela Associa\u00e7\u00e3o Brasileira de Gays, L\u00e9sbicas e Transg\u00eaneros.<\/p>\n\n\n\n<p><br>As duas a\u00e7\u00f5es s\u00e3o contra o Congresso Nacional, por considerarem que os parlamentares t\u00eam se omitido diante de ofensas, mortes e outras agress\u00f5es motivadas pela orienta\u00e7\u00e3o sexual ou pela identidade de g\u00eanero da v\u00edtima.<\/p>\n\n\n\n<p><br>Inclusive quando a v\u00edtima n\u00e3o faz parte da comunidade LGBTQI+.<\/p>\n\n\n\n<p>Em 2012, oito homens atacaram dois irm\u00e3os g\u00eameos que se abra\u00e7aram na cidade de Cama\u00e7ari, na Bahia. Um dos g\u00eameos morreu e o outro teve afundamento da face.<\/p>\n\n\n\n<p>O julgamento da criminaliza\u00e7\u00e3o da homofobia est\u00e1 previsto para quarta-feira (13), a partir das duas horas da tarde das 14h.<\/p>\n\n\n\n<p><br>Para a mesma sess\u00e3o plen\u00e1ria, est\u00e1 em pauta uma reclama\u00e7\u00e3o do policial legislativo Ant\u00f4nio Tavares dos Santos Neto.<\/p>\n\n\n\n<p>Ele chegou a ser preso em 2016, durante a opera\u00e7\u00e3o M\u00e9tis, um desdobramento da Lava Jato que apurava se policiais legislativos prestavam servi\u00e7o de contraintelig\u00eancia para ajudar senadores investigados.<\/p>\n\n\n\n<p><br>Na quinta-feira (14), o plen\u00e1rio retoma o julgamento da constitucionalidade de uma lei estadual de 1994 que incorporou servidores n\u00e3o concursados ao quadro funcional do Tribunal de Contas de Minas Gerais. At\u00e9 agora, cinco ministros votaram. Todos avaliam que a lei contraria a Constitui\u00e7\u00e3o de 1988.<\/p>\n","protected":false},"excerpt":{"rendered":"<p>O plen\u00e1rio do Supremo Tribunal Federal pode decidir nesta semana se a homofobia e a transfobia devem ser criminalizadas. Ser\u00e1 um julgamento tem\u00e1tico, de uma&hellip; <\/p>\n","protected":false},"author":1,"featured_media":7125,"comment_status":"closed","ping_status":"closed","sticky":false,"template":"","format":"standard","meta":{"sfsi_plus_gutenberg_text_before_share":"","sfsi_plus_gutenberg_show_text_before_share":"","sfsi_plus_gutenberg_icon_type":"","sfsi_plus_gutenberg_icon_alignemt":"","sfsi_plus_gutenburg_max_per_row":"","footnotes":""},"categories":[2],"tags":[],"class_list":["post-84431","post","type-post","status-publish","format-standard","has-post-thumbnail","hentry","category-geral"],"_links":{"self":[{"href":"https:\/\/www.caririemacao.com\/1\/wp-json\/wp\/v2\/posts\/84431","targetHints":{"allow":["GET"]}}],"collection":[{"href":"https:\/\/www.caririemacao.com\/1\/wp-json\/wp\/v2\/posts"}],"about":[{"href":"https:\/\/www.caririemacao.com\/1\/wp-json\/wp\/v2\/types\/post"}],"author":[{"embeddable":true,"href":"https:\/\/www.caririemacao.com\/1\/wp-json\/wp\/v2\/users\/1"}],"replies":[{"embeddable":true,"href":"https:\/\/www.caririemacao.com\/1\/wp-json\/wp\/v2\/comments?post=84431"}],"version-history":[{"count":1,"href":"https:\/\/www.caririemacao.com\/1\/wp-json\/wp\/v2\/posts\/84431\/revisions"}],"predecessor-version":[{"id":84432,"href":"https:\/\/www.caririemacao.com\/1\/wp-json\/wp\/v2\/posts\/84431\/revisions\/84432"}],"wp:featuredmedia":[{"embeddable":true,"href":"https:\/\/www.caririemacao.com\/1\/wp-json\/wp\/v2\/media\/7125"}],"wp:attachment":[{"href":"https:\/\/www.caririemacao.com\/1\/wp-json\/wp\/v2\/media?parent=84431"}],"wp:term":[{"taxonomy":"category","embeddable":true,"href":"https:\/\/www.caririemacao.com\/1\/wp-json\/wp\/v2\/categories?post=84431"},{"taxonomy":"post_tag","embeddable":true,"href":"https:\/\/www.caririemacao.com\/1\/wp-json\/wp\/v2\/tags?post=84431"}],"curies":[{"name":"wp","href":"https:\/\/api.w.org\/{rel}","templated":true}]}}