{"id":84434,"date":"2019-02-12T15:12:56","date_gmt":"2019-02-12T18:12:56","guid":{"rendered":"http:\/\/www.caririemacao.com\/1\/?p=84434"},"modified":"2019-02-12T15:13:03","modified_gmt":"2019-02-12T18:13:03","slug":"texto-da-reforma-da-previdencia-esta-pronto-e-aguarda-analise-do-presidente-bolsonaro","status":"publish","type":"post","link":"https:\/\/www.caririemacao.com\/1\/2019\/02\/12\/texto-da-reforma-da-previdencia-esta-pronto-e-aguarda-analise-do-presidente-bolsonaro\/","title":{"rendered":"Texto da reforma da Previd\u00eancia est\u00e1 pronto e aguarda an\u00e1lise do presidente Bolsonaro"},"content":{"rendered":"\n<p>O texto base da reforma da Previd\u00eancia foi conclu\u00eddo pela equipe de governo e agora aguarda a an\u00e1lise do presidente Jair Bolsonaro,\u00a0ainda internado\u00a0no Hospital Albert Einstein, em S\u00e3o Paulo. Segundo o secret\u00e1rio especial da Previd\u00eancia e Trabalho, Rog\u00e9rio Marinho, que esteve hoje (12) reunido com o ministro da Economia, Paulo Guedes, em Bras\u00edlia, o presidente dar\u00e1 a palavra final sobre o projeto que ser\u00e1 enviado \u00e0 C\u00e2mara dos Deputados.<\/p>\n\n\n\n<p>\u201cEvidente que existem pontos que ser\u00e3o levados \u00e0 presen\u00e7a do presidente para que ele possa tomar sua posi\u00e7\u00e3o, possa definir de que forma isso possa chegar \u00e0 C\u00e2mara Federal\u201d, disse Marinho.<\/p>\n\n\n\n<p>O secret\u00e1rio n\u00e3o adiantou como ficou o texto da reforma e disse que foi constru\u00eddo com avalia\u00e7\u00e3o das diversas \u00e1reas do governo, al\u00e9m da contribui\u00e7\u00e3o de economistas e observa\u00e7\u00e3o ao projeto enviado pelo ex-presidente Michel Temer ao Congresso.<\/p>\n\n\n\n<p>Marinho disse que o texto final \u00e9 \u201cbem diferente\u201d da minuta do projeto que<a href=\"http:\/\/agenciabrasil.ebc.com.br\/politica\/noticia\/2019-02\/texto-azado-e-uma-das-propostas-para-previdencia-diz-secretario\" target=\"_blank\" rel=\"noreferrer noopener\">vazou para a imprensa<\/a>&nbsp;na semana passada. Nessa minuta, o governo proporia idade m\u00ednima \u00fanica de 65 anos para homens e mulheres se aposentarem no Brasil. Al\u00e9m disso, a minuta de projeto ainda previa um m\u00ednimo de 20 anos de contribui\u00e7\u00e3o para o trabalhador receber 60% da aposentadoria chegando, de forma escalonada, at\u00e9 o limite de 40 anos, para o recebimento de 100%.&nbsp;<\/p>\n\n\n\n<p>Perguntado sobre quando o projeto ser\u00e1 apresentado \u00e0 sociedade, Marinho respondeu que isso vai ocorrer o mais r\u00e1pido poss\u00edvel. \u201cVamos aguardar que o presidente convales\u00e7a, que ele esteja em plena condi\u00e7\u00e3o de exerc\u00edcio do seu mandato, que eu espero que seja amanh\u00e3 ou quinta-feira, e, apresentado ao presidente, ele vai definir o prazo\u201d, disse o secret\u00e1rio.<\/p>\n\n\n\n<h2 class=\"wp-block-heading\">Militares<\/h2>\n\n\n\n<p>Sobre a inclus\u00e3o de militares na reforma, mais cedo o senador Major Ol\u00edmpio, l\u00edder do PSL, disse, ao deixar o Minist\u00e9rio da Economia, que os pr\u00f3prios militares apresentaram uma proposta para a Previd\u00eancia.&nbsp;<\/p>\n\n\n\n<p>\u201cOs pr\u00f3prios comandantes militares, o ministro da Defesa [general Fernando Azevedo] tem se debru\u00e7ado sobre isso. Os militares que est\u00e3o fazendo propostas. Tudo vai cair aqui dentro da \u00e1rea t\u00e9cnica, da \u00e1rea econ\u00f4mica. Os militares, que s\u00e3o sempre solu\u00e7\u00e3o para o nosso pa\u00eds, n\u00e3o s\u00e3o problema, tamb\u00e9m est\u00e3o fazendo suas propostas. Vamos ver a viabilidade dessas propostas\u201d, disse.&nbsp;<\/p>\n\n\n\n<p>O senador tamb\u00e9m esteve reunido com Guedes, no minist\u00e9rio.<\/p>\n\n\n\n<p>Agencia Brasil&nbsp;<\/p>\n","protected":false},"excerpt":{"rendered":"<p>O texto base da reforma da Previd\u00eancia foi conclu\u00eddo pela equipe de governo e agora aguarda a an\u00e1lise do presidente Jair Bolsonaro,\u00a0ainda internado\u00a0no Hospital Albert&hellip; <\/p>\n","protected":false},"author":1,"featured_media":5052,"comment_status":"closed","ping_status":"closed","sticky":false,"template":"","format":"standard","meta":{"sfsi_plus_gutenberg_text_before_share":"","sfsi_plus_gutenberg_show_text_before_share":"","sfsi_plus_gutenberg_icon_type":"","sfsi_plus_gutenberg_icon_alignemt":"","sfsi_plus_gutenburg_max_per_row":"","footnotes":""},"categories":[11],"tags":[],"class_list":["post-84434","post","type-post","status-publish","format-standard","has-post-thumbnail","hentry","category-politica"],"_links":{"self":[{"href":"https:\/\/www.caririemacao.com\/1\/wp-json\/wp\/v2\/posts\/84434","targetHints":{"allow":["GET"]}}],"collection":[{"href":"https:\/\/www.caririemacao.com\/1\/wp-json\/wp\/v2\/posts"}],"about":[{"href":"https:\/\/www.caririemacao.com\/1\/wp-json\/wp\/v2\/types\/post"}],"author":[{"embeddable":true,"href":"https:\/\/www.caririemacao.com\/1\/wp-json\/wp\/v2\/users\/1"}],"replies":[{"embeddable":true,"href":"https:\/\/www.caririemacao.com\/1\/wp-json\/wp\/v2\/comments?post=84434"}],"version-history":[{"count":1,"href":"https:\/\/www.caririemacao.com\/1\/wp-json\/wp\/v2\/posts\/84434\/revisions"}],"predecessor-version":[{"id":84435,"href":"https:\/\/www.caririemacao.com\/1\/wp-json\/wp\/v2\/posts\/84434\/revisions\/84435"}],"wp:featuredmedia":[{"embeddable":true,"href":"https:\/\/www.caririemacao.com\/1\/wp-json\/wp\/v2\/media\/5052"}],"wp:attachment":[{"href":"https:\/\/www.caririemacao.com\/1\/wp-json\/wp\/v2\/media?parent=84434"}],"wp:term":[{"taxonomy":"category","embeddable":true,"href":"https:\/\/www.caririemacao.com\/1\/wp-json\/wp\/v2\/categories?post=84434"},{"taxonomy":"post_tag","embeddable":true,"href":"https:\/\/www.caririemacao.com\/1\/wp-json\/wp\/v2\/tags?post=84434"}],"curies":[{"name":"wp","href":"https:\/\/api.w.org\/{rel}","templated":true}]}}