{"id":84437,"date":"2019-02-12T22:02:06","date_gmt":"2019-02-13T01:02:06","guid":{"rendered":"http:\/\/www.caririemacao.com\/1\/?p=84437"},"modified":"2019-02-12T22:02:09","modified_gmt":"2019-02-13T01:02:09","slug":"prefeitura-de-monteiro-emite-nota-a-respeito-de-informacoes-inveridicas-por-portal-eletronico","status":"publish","type":"post","link":"https:\/\/www.caririemacao.com\/1\/2019\/02\/12\/prefeitura-de-monteiro-emite-nota-a-respeito-de-informacoes-inveridicas-por-portal-eletronico\/","title":{"rendered":"Prefeitura de Monteiro emite nota a respeito de informa\u00e7\u00f5es inver\u00eddicas por portal eletr\u00f4nico"},"content":{"rendered":"\n<p>A Prefeitura de Monteiro, por meio da Secretaria Municipal de Comunica\u00e7\u00e3o Social, emite nota a respeito de informa\u00e7\u00f5es veiculadas nesta quarta-feira, 12, por portais de not\u00edcias tendenciosos, o qual denigre e presta um servi\u00e7o de desinforma\u00e7\u00e3o \u00e0 popula\u00e7\u00e3o do munic\u00edpio.<\/p>\n\n\n\n<p>Confira:<\/p>\n\n\n\n<p><em>A SECOM da Prefeitura de Monteiro vem por meio desta esclarecer \u00e0 popula\u00e7\u00e3o a respeito das informa\u00e7\u00f5es veiculadas em portal de not\u00edcia.<\/em><\/p>\n\n\n\n<p><em>Tal ve\u00edculo de comunica\u00e7\u00e3o que est\u00e1 a servi\u00e7o de pessoas que fazem oposi\u00e7\u00e3o, de forma irrespons\u00e1vel, a atual gest\u00e3o, disseminando mentiras, divulgou nesta ter\u00e7a-feira, 12, que a Prefeitura de Monteiro havia retirado as m\u00e1quinas de corte e costura do P\u00f3lo de Costura, n\u00e3o procedem.<\/em><\/p>\n\n\n\n<p><em>Estas m\u00e1quinas pertencem ao CENDAC, \u00f3rg\u00e3o vinculado ao Governo do Estado. Durante este per\u00edodo os objetos estavam apenas cedidas.<\/em><\/p>\n\n\n\n<p><em>O Cendac solicitou as m\u00e1quinas para realizar manuten\u00e7\u00e3o, pois os equipamentos necessitavam h\u00e1 anos de uma revis\u00e3o para melhor atender a demanda dos profissionais de corte e costura de nosso munic\u00edpio.<\/em><\/p>\n\n\n\n<p><em>Lamentamos que a pol\u00edtica do \u00f3dio, e do quanto pior melhor, venha sendo tema de ve\u00edculos de comunica\u00e7\u00e3o que n\u00e3o t\u00eam compromisso com a verdade.<\/em><\/p>\n\n\n\n<p><em>Monteiro, 12 de fevereiro de 2019<\/em><\/p>\n\n\n\n<p><em>PREFEITURA MUNICIPAL DE MONTEIRO<\/em><\/p>\n\n\n\n<p><em>Secretaria de Comunica\u00e7\u00e3o Social<\/em><\/p>\n","protected":false},"excerpt":{"rendered":"<p>A Prefeitura de Monteiro, por meio da Secretaria Municipal de Comunica\u00e7\u00e3o Social, emite nota a respeito de informa\u00e7\u00f5es veiculadas nesta quarta-feira, 12, por portais de&hellip; <\/p>\n","protected":false},"author":1,"featured_media":69727,"comment_status":"closed","ping_status":"closed","sticky":false,"template":"","format":"standard","meta":{"sfsi_plus_gutenberg_text_before_share":"","sfsi_plus_gutenberg_show_text_before_share":"","sfsi_plus_gutenberg_icon_type":"","sfsi_plus_gutenberg_icon_alignemt":"","sfsi_plus_gutenburg_max_per_row":"","footnotes":""},"categories":[6],"tags":[],"class_list":["post-84437","post","type-post","status-publish","format-standard","has-post-thumbnail","hentry","category-cidades"],"_links":{"self":[{"href":"https:\/\/www.caririemacao.com\/1\/wp-json\/wp\/v2\/posts\/84437","targetHints":{"allow":["GET"]}}],"collection":[{"href":"https:\/\/www.caririemacao.com\/1\/wp-json\/wp\/v2\/posts"}],"about":[{"href":"https:\/\/www.caririemacao.com\/1\/wp-json\/wp\/v2\/types\/post"}],"author":[{"embeddable":true,"href":"https:\/\/www.caririemacao.com\/1\/wp-json\/wp\/v2\/users\/1"}],"replies":[{"embeddable":true,"href":"https:\/\/www.caririemacao.com\/1\/wp-json\/wp\/v2\/comments?post=84437"}],"version-history":[{"count":1,"href":"https:\/\/www.caririemacao.com\/1\/wp-json\/wp\/v2\/posts\/84437\/revisions"}],"predecessor-version":[{"id":84443,"href":"https:\/\/www.caririemacao.com\/1\/wp-json\/wp\/v2\/posts\/84437\/revisions\/84443"}],"wp:featuredmedia":[{"embeddable":true,"href":"https:\/\/www.caririemacao.com\/1\/wp-json\/wp\/v2\/media\/69727"}],"wp:attachment":[{"href":"https:\/\/www.caririemacao.com\/1\/wp-json\/wp\/v2\/media?parent=84437"}],"wp:term":[{"taxonomy":"category","embeddable":true,"href":"https:\/\/www.caririemacao.com\/1\/wp-json\/wp\/v2\/categories?post=84437"},{"taxonomy":"post_tag","embeddable":true,"href":"https:\/\/www.caririemacao.com\/1\/wp-json\/wp\/v2\/tags?post=84437"}],"curies":[{"name":"wp","href":"https:\/\/api.w.org\/{rel}","templated":true}]}}