{"id":84438,"date":"2019-02-12T16:48:31","date_gmt":"2019-02-12T19:48:31","guid":{"rendered":"http:\/\/www.caririemacao.com\/1\/?p=84438"},"modified":"2019-02-12T16:48:35","modified_gmt":"2019-02-12T19:48:35","slug":"nota-de-pesar-da-camara-municipal-de-vereadores","status":"publish","type":"post","link":"https:\/\/www.caririemacao.com\/1\/2019\/02\/12\/nota-de-pesar-da-camara-municipal-de-vereadores\/","title":{"rendered":"Nota de Pesar da C\u00e2mara Municipal de Vereadores"},"content":{"rendered":"\n<p>\u00c9 Com todo pesar que vimos trazer a triste not\u00edcia do falecimento do Funcion\u00e1rio Publico Lotado na Secretaria de Obras e Servi\u00e7os Urbanos-da prefeitura de Sum\u00e9- Edgar Macena.  Ele parte deixando-nos muitas li\u00e7\u00f5es de amizade e  profissionalismo.<\/p>\n\n\n\n<p>Edgar Macena tinha 45 anos de idade, era natural da cidade de Camala\u00fa, onde acontecer\u00e1 o seu sepultamento.<\/p>\n\n\n\n<p>A C\u00e2mara Municipal atrav\u00e9s do seu Presidente Leonidas Albino Pedrosa, e os demais Pares desta Casa Legislativa, expressa os sentimentos, e roga a Deus, que conforte o cora\u00e7\u00e3o dos familiares e amigos, nesse momento de dor e saudade. Que a Luz e o amor divino pairem sobre a alma de quem sofre esta imensur\u00e1vel perda, e os console e  lhes de serenidade para atravessar essa tempestade.<\/p>\n\n\n\n<p>Le\u00f4nidas Albino Pedrosa-Presidente do legislativo.<br>\nSum\u00e9,12-02-2019.<\/p>\n","protected":false},"excerpt":{"rendered":"<p>\u00c9 Com todo pesar que vimos trazer a triste not\u00edcia do falecimento do Funcion\u00e1rio Publico Lotado na Secretaria de Obras e Servi\u00e7os Urbanos-da prefeitura de&hellip; <\/p>\n","protected":false},"author":1,"featured_media":84440,"comment_status":"closed","ping_status":"closed","sticky":false,"template":"","format":"standard","meta":{"sfsi_plus_gutenberg_text_before_share":"","sfsi_plus_gutenberg_show_text_before_share":"","sfsi_plus_gutenberg_icon_type":"","sfsi_plus_gutenberg_icon_alignemt":"","sfsi_plus_gutenburg_max_per_row":"","footnotes":""},"categories":[2],"tags":[],"class_list":["post-84438","post","type-post","status-publish","format-standard","has-post-thumbnail","hentry","category-geral"],"_links":{"self":[{"href":"https:\/\/www.caririemacao.com\/1\/wp-json\/wp\/v2\/posts\/84438","targetHints":{"allow":["GET"]}}],"collection":[{"href":"https:\/\/www.caririemacao.com\/1\/wp-json\/wp\/v2\/posts"}],"about":[{"href":"https:\/\/www.caririemacao.com\/1\/wp-json\/wp\/v2\/types\/post"}],"author":[{"embeddable":true,"href":"https:\/\/www.caririemacao.com\/1\/wp-json\/wp\/v2\/users\/1"}],"replies":[{"embeddable":true,"href":"https:\/\/www.caririemacao.com\/1\/wp-json\/wp\/v2\/comments?post=84438"}],"version-history":[{"count":1,"href":"https:\/\/www.caririemacao.com\/1\/wp-json\/wp\/v2\/posts\/84438\/revisions"}],"predecessor-version":[{"id":84441,"href":"https:\/\/www.caririemacao.com\/1\/wp-json\/wp\/v2\/posts\/84438\/revisions\/84441"}],"wp:featuredmedia":[{"embeddable":true,"href":"https:\/\/www.caririemacao.com\/1\/wp-json\/wp\/v2\/media\/84440"}],"wp:attachment":[{"href":"https:\/\/www.caririemacao.com\/1\/wp-json\/wp\/v2\/media?parent=84438"}],"wp:term":[{"taxonomy":"category","embeddable":true,"href":"https:\/\/www.caririemacao.com\/1\/wp-json\/wp\/v2\/categories?post=84438"},{"taxonomy":"post_tag","embeddable":true,"href":"https:\/\/www.caririemacao.com\/1\/wp-json\/wp\/v2\/tags?post=84438"}],"curies":[{"name":"wp","href":"https:\/\/api.w.org\/{rel}","templated":true}]}}