{"id":84444,"date":"2019-02-12T22:22:25","date_gmt":"2019-02-13T01:22:25","guid":{"rendered":"http:\/\/www.caririemacao.com\/1\/?p=84444"},"modified":"2019-02-12T22:22:28","modified_gmt":"2019-02-13T01:22:28","slug":"dois-jovens-monteirenses-assalta-posto-de-combustiveis-em-sume","status":"publish","type":"post","link":"https:\/\/www.caririemacao.com\/1\/2019\/02\/12\/dois-jovens-monteirenses-assalta-posto-de-combustiveis-em-sume\/","title":{"rendered":"Dois jovens Monteirenses assalta posto de combust\u00edveis em sum\u00e9"},"content":{"rendered":"\n<p>Na noite desta ter\u00e7a-feira (12), o posto de combust\u00edveis \u201cCANARINHO\u201d foi assalto na cidade de sum\u00e9 no Cariri Paraibano.<br>Segundo informa\u00e7\u00f5es os acusados \u00c9 e A chegaram em uma motocicleta abasteceram e anunciaram o assalto com faca, levando uma quantia em dinheiro, em seguida fugiram sentido \u00e0 cidade do Congo, a pol\u00edcia conseguiu prender os acusados.<\/p>\n\n\n\n<p><strong>HORA1PB<\/strong><\/p>\n","protected":false},"excerpt":{"rendered":"<p>Na noite desta ter\u00e7a-feira (12), o posto de combust\u00edveis \u201cCANARINHO\u201d foi assalto na cidade de sum\u00e9 no Cariri Paraibano.Segundo informa\u00e7\u00f5es os acusados \u00c9 e A&hellip; <\/p>\n","protected":false},"author":1,"featured_media":15697,"comment_status":"closed","ping_status":"closed","sticky":false,"template":"","format":"standard","meta":{"sfsi_plus_gutenberg_text_before_share":"","sfsi_plus_gutenberg_show_text_before_share":"","sfsi_plus_gutenberg_icon_type":"","sfsi_plus_gutenberg_icon_alignemt":"","sfsi_plus_gutenburg_max_per_row":"","footnotes":""},"categories":[50,12],"tags":[],"class_list":["post-84444","post","type-post","status-publish","format-standard","has-post-thumbnail","hentry","category-destaque","category-policia"],"_links":{"self":[{"href":"https:\/\/www.caririemacao.com\/1\/wp-json\/wp\/v2\/posts\/84444","targetHints":{"allow":["GET"]}}],"collection":[{"href":"https:\/\/www.caririemacao.com\/1\/wp-json\/wp\/v2\/posts"}],"about":[{"href":"https:\/\/www.caririemacao.com\/1\/wp-json\/wp\/v2\/types\/post"}],"author":[{"embeddable":true,"href":"https:\/\/www.caririemacao.com\/1\/wp-json\/wp\/v2\/users\/1"}],"replies":[{"embeddable":true,"href":"https:\/\/www.caririemacao.com\/1\/wp-json\/wp\/v2\/comments?post=84444"}],"version-history":[{"count":1,"href":"https:\/\/www.caririemacao.com\/1\/wp-json\/wp\/v2\/posts\/84444\/revisions"}],"predecessor-version":[{"id":84445,"href":"https:\/\/www.caririemacao.com\/1\/wp-json\/wp\/v2\/posts\/84444\/revisions\/84445"}],"wp:featuredmedia":[{"embeddable":true,"href":"https:\/\/www.caririemacao.com\/1\/wp-json\/wp\/v2\/media\/15697"}],"wp:attachment":[{"href":"https:\/\/www.caririemacao.com\/1\/wp-json\/wp\/v2\/media?parent=84444"}],"wp:term":[{"taxonomy":"category","embeddable":true,"href":"https:\/\/www.caririemacao.com\/1\/wp-json\/wp\/v2\/categories?post=84444"},{"taxonomy":"post_tag","embeddable":true,"href":"https:\/\/www.caririemacao.com\/1\/wp-json\/wp\/v2\/tags?post=84444"}],"curies":[{"name":"wp","href":"https:\/\/api.w.org\/{rel}","templated":true}]}}