{"id":84449,"date":"2019-02-13T08:01:04","date_gmt":"2019-02-13T11:01:04","guid":{"rendered":"http:\/\/www.caririemacao.com\/1\/?p=84449"},"modified":"2019-02-13T08:01:07","modified_gmt":"2019-02-13T11:01:07","slug":"prefeitura-de-sao-sebastiao-do-umbuzeiro-entrega-kit-escolar-para-alunos-da-rede-municipal-de-ensino","status":"publish","type":"post","link":"https:\/\/www.caririemacao.com\/1\/2019\/02\/13\/prefeitura-de-sao-sebastiao-do-umbuzeiro-entrega-kit-escolar-para-alunos-da-rede-municipal-de-ensino\/","title":{"rendered":"Prefeitura de S\u00e3o Sebasti\u00e3o do Umbuzeiro entrega kit escolar para alunos da rede municipal de ensino"},"content":{"rendered":"\n<p>A Prefeitura de S\u00e3o Sebasti\u00e3o do Umbuzeiro, atrav\u00e9s da Secretaria Municipal de Educa\u00e7\u00e3o, promoveu nesta ter\u00e7a-feira (12), a entrega de kits escolares para os alunos da Rede Municipal de Ensino.<\/p>\n\n\n\n<p>Os materiais Caderno de 15 mat\u00e9rias, L\u00e1pis e caneta foram entregue pelo prefeito Adriano Wolff.<\/p>\n\n\n\n<p>O prefeito ressaltou o cuidado especial que a administra\u00e7\u00e3o tem com a Educa\u00e7\u00e3o dos umbuzeirenses.&nbsp;<\/p>\n\n\n\n<p>\u201cN\u00f3s estamos fazendo a entrega desses kits hoje, ainda no in\u00edcio do ano letivo, como era a nossa prioridade. Com isso n\u00f3s demonstramos mais uma vez que queremos cuidar da nossa educa\u00e7\u00e3o e das nossas crian\u00e7as\u201d. Disse o prefeito Adriano Wolff.<\/p>\n\n\n\n<figure class=\"wp-block-image\"><img decoding=\"async\" data-src=\"http:\/\/www.blogdodidi.com.br\/wp-content\/uploads\/2019\/02\/a637cb0c-3f80-4082-bdf9-11f9816968eb-700x1024.jpg\" alt=\"\" class=\"wp-image-83351 lazyload\" src=\"data:image\/svg+xml;base64,PHN2ZyB3aWR0aD0iMSIgaGVpZ2h0PSIxIiB4bWxucz0iaHR0cDovL3d3dy53My5vcmcvMjAwMC9zdmciPjwvc3ZnPg==\" style=\"--smush-placeholder-width: 700px; --smush-placeholder-aspect-ratio: 700\/1024;\" \/><\/figure>\n","protected":false},"excerpt":{"rendered":"<p>A Prefeitura de S\u00e3o Sebasti\u00e3o do Umbuzeiro, atrav\u00e9s da Secretaria Municipal de Educa\u00e7\u00e3o, promoveu nesta ter\u00e7a-feira (12), a entrega de kits escolares para os alunos&hellip; <\/p>\n","protected":false},"author":1,"featured_media":84450,"comment_status":"closed","ping_status":"closed","sticky":false,"template":"","format":"standard","meta":{"sfsi_plus_gutenberg_text_before_share":"","sfsi_plus_gutenberg_show_text_before_share":"","sfsi_plus_gutenberg_icon_type":"","sfsi_plus_gutenberg_icon_alignemt":"","sfsi_plus_gutenburg_max_per_row":"","footnotes":""},"categories":[14],"tags":[],"class_list":["post-84449","post","type-post","status-publish","format-standard","has-post-thumbnail","hentry","category-educacao"],"_links":{"self":[{"href":"https:\/\/www.caririemacao.com\/1\/wp-json\/wp\/v2\/posts\/84449","targetHints":{"allow":["GET"]}}],"collection":[{"href":"https:\/\/www.caririemacao.com\/1\/wp-json\/wp\/v2\/posts"}],"about":[{"href":"https:\/\/www.caririemacao.com\/1\/wp-json\/wp\/v2\/types\/post"}],"author":[{"embeddable":true,"href":"https:\/\/www.caririemacao.com\/1\/wp-json\/wp\/v2\/users\/1"}],"replies":[{"embeddable":true,"href":"https:\/\/www.caririemacao.com\/1\/wp-json\/wp\/v2\/comments?post=84449"}],"version-history":[{"count":1,"href":"https:\/\/www.caririemacao.com\/1\/wp-json\/wp\/v2\/posts\/84449\/revisions"}],"predecessor-version":[{"id":84451,"href":"https:\/\/www.caririemacao.com\/1\/wp-json\/wp\/v2\/posts\/84449\/revisions\/84451"}],"wp:featuredmedia":[{"embeddable":true,"href":"https:\/\/www.caririemacao.com\/1\/wp-json\/wp\/v2\/media\/84450"}],"wp:attachment":[{"href":"https:\/\/www.caririemacao.com\/1\/wp-json\/wp\/v2\/media?parent=84449"}],"wp:term":[{"taxonomy":"category","embeddable":true,"href":"https:\/\/www.caririemacao.com\/1\/wp-json\/wp\/v2\/categories?post=84449"},{"taxonomy":"post_tag","embeddable":true,"href":"https:\/\/www.caririemacao.com\/1\/wp-json\/wp\/v2\/tags?post=84449"}],"curies":[{"name":"wp","href":"https:\/\/api.w.org\/{rel}","templated":true}]}}