{"id":84452,"date":"2019-02-13T08:02:49","date_gmt":"2019-02-13T11:02:49","guid":{"rendered":"http:\/\/www.caririemacao.com\/1\/?p=84452"},"modified":"2019-02-13T08:02:51","modified_gmt":"2019-02-13T11:02:51","slug":"prefeitura-de-sao-sebastiao-do-umbuzeiro-retoma-projeto-ginastica-e-vivencia-na-praca","status":"publish","type":"post","link":"https:\/\/www.caririemacao.com\/1\/2019\/02\/13\/prefeitura-de-sao-sebastiao-do-umbuzeiro-retoma-projeto-ginastica-e-vivencia-na-praca\/","title":{"rendered":"Prefeitura de S\u00e3o Sebasti\u00e3o do Umbuzeiro retoma Projeto Gin\u00e1stica e Viv\u00eancia na Pra\u00e7a"},"content":{"rendered":"\n<figure><iframe width=\"560\" height=\"480\" data-src=\"https:\/\/www.youtube.com\/embed\/ASKfa_bYIi4\" allowfullscreen=\"\" src=\"data:image\/svg+xml;base64,PHN2ZyB3aWR0aD0iMSIgaGVpZ2h0PSIxIiB4bWxucz0iaHR0cDovL3d3dy53My5vcmcvMjAwMC9zdmciPjwvc3ZnPg==\" class=\"lazyload\" data-load-mode=\"1\"><\/iframe><\/figure>\n\n\n\n<p>Nesta ter\u00e7a-feira (12), em S\u00e3o Sebasti\u00e3o do Umbuzeiro, foram iniciadas as atividades do Projeto&nbsp;Gin\u00e1sticas e Viv\u00eancia na pra\u00e7a, que \u00e9 desenvolvido pela Prefeitura Municipal, atrav\u00e9s da Secretaria da Assist\u00eancia Social e do Desenvolvimento Humano e CRAS.<\/p>\n\n\n\n<p>O projeto tem o objetivo de promover a abertura de um espa\u00e7o p\u00fablico e gratuito para o desenvolvimento de pr\u00e1ticas gin\u00e1sticas, tais como ritmos, gin\u00e1stica localizada e alongamento, proporcionando a integra\u00e7\u00e3o social da comunidade.<\/p>\n\n\n\n<p>\u201cNada como poder fazer atividades f\u00edsicas ao ar livre e recebendo orienta\u00e7\u00e3o de um profissional como \u00e9 o professor Djaelson. \u00c9 o que a Prefeitura oferece&nbsp;&nbsp;<a href=\"https:\/\/www.facebook.com\/hashtag\/maissa%C3%BAde?source=feed_text&amp;epa=HASHTAG\">#maissa\u00fade,<\/a>&nbsp;disse o prefeito Adriano Wolff.<\/p>\n\n\n\n<p>As aulas ir\u00e3o acontecer duas vezes por semana (ter\u00e7as e quintas-feiras),&nbsp;sempre \u00e1s 19:00hs.<\/p>\n","protected":false},"excerpt":{"rendered":"<p>Nesta ter\u00e7a-feira (12), em S\u00e3o Sebasti\u00e3o do Umbuzeiro, foram iniciadas as atividades do Projeto&nbsp;Gin\u00e1sticas e Viv\u00eancia na pra\u00e7a, que \u00e9 desenvolvido pela Prefeitura Municipal, atrav\u00e9s&hellip; <\/p>\n","protected":false},"author":1,"featured_media":84453,"comment_status":"closed","ping_status":"closed","sticky":false,"template":"","format":"standard","meta":{"sfsi_plus_gutenberg_text_before_share":"","sfsi_plus_gutenberg_show_text_before_share":"","sfsi_plus_gutenberg_icon_type":"","sfsi_plus_gutenberg_icon_alignemt":"","sfsi_plus_gutenburg_max_per_row":"","footnotes":""},"categories":[16],"tags":[],"class_list":["post-84452","post","type-post","status-publish","format-standard","has-post-thumbnail","hentry","category-saude"],"_links":{"self":[{"href":"https:\/\/www.caririemacao.com\/1\/wp-json\/wp\/v2\/posts\/84452","targetHints":{"allow":["GET"]}}],"collection":[{"href":"https:\/\/www.caririemacao.com\/1\/wp-json\/wp\/v2\/posts"}],"about":[{"href":"https:\/\/www.caririemacao.com\/1\/wp-json\/wp\/v2\/types\/post"}],"author":[{"embeddable":true,"href":"https:\/\/www.caririemacao.com\/1\/wp-json\/wp\/v2\/users\/1"}],"replies":[{"embeddable":true,"href":"https:\/\/www.caririemacao.com\/1\/wp-json\/wp\/v2\/comments?post=84452"}],"version-history":[{"count":1,"href":"https:\/\/www.caririemacao.com\/1\/wp-json\/wp\/v2\/posts\/84452\/revisions"}],"predecessor-version":[{"id":84454,"href":"https:\/\/www.caririemacao.com\/1\/wp-json\/wp\/v2\/posts\/84452\/revisions\/84454"}],"wp:featuredmedia":[{"embeddable":true,"href":"https:\/\/www.caririemacao.com\/1\/wp-json\/wp\/v2\/media\/84453"}],"wp:attachment":[{"href":"https:\/\/www.caririemacao.com\/1\/wp-json\/wp\/v2\/media?parent=84452"}],"wp:term":[{"taxonomy":"category","embeddable":true,"href":"https:\/\/www.caririemacao.com\/1\/wp-json\/wp\/v2\/categories?post=84452"},{"taxonomy":"post_tag","embeddable":true,"href":"https:\/\/www.caririemacao.com\/1\/wp-json\/wp\/v2\/tags?post=84452"}],"curies":[{"name":"wp","href":"https:\/\/api.w.org\/{rel}","templated":true}]}}