{"id":84455,"date":"2019-02-13T08:03:45","date_gmt":"2019-02-13T11:03:45","guid":{"rendered":"http:\/\/www.caririemacao.com\/1\/?p=84455"},"modified":"2019-02-13T08:03:47","modified_gmt":"2019-02-13T11:03:47","slug":"previdencia-proposta-preve-idade-minima-de-62-para-homens-e-57-para-mulheres-em-2022","status":"publish","type":"post","link":"https:\/\/www.caririemacao.com\/1\/2019\/02\/13\/previdencia-proposta-preve-idade-minima-de-62-para-homens-e-57-para-mulheres-em-2022\/","title":{"rendered":"Previd\u00eancia: proposta prev\u00ea idade m\u00ednima de 62 para homens e 57 para mulheres em 2022"},"content":{"rendered":"\n<p>A equipe do ministro da Economia, Paulo Guedes, vai incluir no texto da reforma da Previd\u00eancia, entre as propostas de idade m\u00ednima para aposentadoria no pa\u00eds, a preferida do presidente Jair Bolsonaro: 62 anos para homens e 57 para mulheres, que passaria a valer ao final do seu mandato, em 2022.<\/p>\n\n\n\n<p>Segundo um dos formuladores da reforma, esse limite de idade constaria da regra de transi\u00e7\u00e3o, que poder\u00e1 ser de 10, 15 ou 20 anos. Ou seja, ao final do mandato de Bolsonaro, mulheres poderiam se aposentar aos 57 anos e homens, aos 62. Mas a regra teria sequ\u00eancia ap\u00f3s 2022.<\/p>\n\n\n\n<p>Ao final dela, a equipe de Paulo Guedes gostaria que homens e mulheres tivessem uma idade igual de aposentadoria, 65 anos. O presidente, por\u00e9m, j\u00e1 defendeu uma idade diferente de aposentadoria, menor para as mulheres.<\/p>\n\n\n\n<p>T\u00e9cnicos acreditam, por\u00e9m, que essa proposta, apesar de j\u00e1 ter sido defendida pelo presidente, pode acabar n\u00e3o vingando, porque ela representaria, no curto prazo, um endurecimento das regras em rela\u00e7\u00e3o \u00e0 proposta do ex-presidente Michel Temer. Na do emedebista, a regra de transi\u00e7\u00e3o previa tamb\u00e9m uma idade m\u00ednima de 62 para homens e 57 para mulheres em 2022, mas levaria cinco anos para atingir esse patamar. Agora, tr\u00eas anos.<\/p>\n\n\n\n<p>O texto da reforma est\u00e1 finalizado, faltando pequenos ajustes, e deve ser apresentado ao presidente Bolsonaro assim que ele deixar o hospital e voltar a despachar em Bras\u00edlia. Existe uma possibilidade de o presidente voltar ao trabalho na sexta-feira (15).<\/p>\n\n\n\n<p>A equipe econ\u00f4mica segue com uma meta de garantir uma economia de pelo menos R$ 1 trilh\u00e3o num per\u00edodo de dez anos. Segundo t\u00e9cnicos do Minist\u00e9rio da Economia, a ideia \u00e9 que as modifica\u00e7\u00f5es que venham a ser definidas pelo presidente sejam feitas de forma a garantir essa economia m\u00ednima de recursos.<\/p>\n\n\n\n<p>A proposta de reforma da Previd\u00eancia vai prever mecanismos de ajuste autom\u00e1tico para garantir o equil\u00edbrio do sistema no futuro, sem a necessidade de se aprovar uma nova emenda constitucional. Um desses mecanismos definir\u00e1 que a idade m\u00ednima de aposentadoria que for definida ser\u00e1 elevada quando subir a expectativa de vida do brasileiro.<\/p>\n\n\n\n<p>Est\u00e1 definido tamb\u00e9m que as contribui\u00e7\u00f5es previdenci\u00e1rias ser\u00e3o maiores para quem ganha mais e menores para as faixas de renda mais baixas. A menor al\u00edquota atual, de 8%, pode cair para 7,5%. E a mais alta subir para 14%.<\/p>\n","protected":false},"excerpt":{"rendered":"<p>A equipe do ministro da Economia, Paulo Guedes, vai incluir no texto da reforma da Previd\u00eancia, entre as propostas de idade m\u00ednima para aposentadoria no&hellip; <\/p>\n","protected":false},"author":1,"featured_media":84456,"comment_status":"closed","ping_status":"closed","sticky":false,"template":"","format":"standard","meta":{"sfsi_plus_gutenberg_text_before_share":"","sfsi_plus_gutenberg_show_text_before_share":"","sfsi_plus_gutenberg_icon_type":"","sfsi_plus_gutenberg_icon_alignemt":"","sfsi_plus_gutenburg_max_per_row":"","footnotes":""},"categories":[11],"tags":[],"class_list":["post-84455","post","type-post","status-publish","format-standard","has-post-thumbnail","hentry","category-politica"],"_links":{"self":[{"href":"https:\/\/www.caririemacao.com\/1\/wp-json\/wp\/v2\/posts\/84455","targetHints":{"allow":["GET"]}}],"collection":[{"href":"https:\/\/www.caririemacao.com\/1\/wp-json\/wp\/v2\/posts"}],"about":[{"href":"https:\/\/www.caririemacao.com\/1\/wp-json\/wp\/v2\/types\/post"}],"author":[{"embeddable":true,"href":"https:\/\/www.caririemacao.com\/1\/wp-json\/wp\/v2\/users\/1"}],"replies":[{"embeddable":true,"href":"https:\/\/www.caririemacao.com\/1\/wp-json\/wp\/v2\/comments?post=84455"}],"version-history":[{"count":1,"href":"https:\/\/www.caririemacao.com\/1\/wp-json\/wp\/v2\/posts\/84455\/revisions"}],"predecessor-version":[{"id":84457,"href":"https:\/\/www.caririemacao.com\/1\/wp-json\/wp\/v2\/posts\/84455\/revisions\/84457"}],"wp:featuredmedia":[{"embeddable":true,"href":"https:\/\/www.caririemacao.com\/1\/wp-json\/wp\/v2\/media\/84456"}],"wp:attachment":[{"href":"https:\/\/www.caririemacao.com\/1\/wp-json\/wp\/v2\/media?parent=84455"}],"wp:term":[{"taxonomy":"category","embeddable":true,"href":"https:\/\/www.caririemacao.com\/1\/wp-json\/wp\/v2\/categories?post=84455"},{"taxonomy":"post_tag","embeddable":true,"href":"https:\/\/www.caririemacao.com\/1\/wp-json\/wp\/v2\/tags?post=84455"}],"curies":[{"name":"wp","href":"https:\/\/api.w.org\/{rel}","templated":true}]}}