{"id":84458,"date":"2019-02-13T08:05:00","date_gmt":"2019-02-13T11:05:00","guid":{"rendered":"http:\/\/www.caririemacao.com\/1\/?p=84458"},"modified":"2019-02-13T08:05:05","modified_gmt":"2019-02-13T11:05:05","slug":"decreto-de-bolsonaro-impulsiona-o-comercio-de-armas-na-paraiba","status":"publish","type":"post","link":"https:\/\/www.caririemacao.com\/1\/2019\/02\/13\/decreto-de-bolsonaro-impulsiona-o-comercio-de-armas-na-paraiba\/","title":{"rendered":"Decreto de Bolsonaro impulsiona o comercio de armas na Para\u00edba"},"content":{"rendered":"\n<p>O decreto presidencial que facilitou a posse de arma de fogo no Brasil ainda n\u00e3o resultou em aumento de venda de armas em Jo\u00e3o Pessoa. Os cursos registraram um aumento t\u00edmido em rela\u00e7\u00e3o a janeiro de 2018, embora alguns centros de treinamento estejam oferecendo um pacote de assessoramento aos interessados em solicitar direito de posse, \u00e0 Pol\u00edcia Federal. O principal motivo citado pelos profissionais do com\u00e9rcio de das escolas de tiro \u00e9 o alto pre\u00e7o das armas, que subiu no dia em que o decreto foi assinado. A arma mais barata encontrada \u00e9 a espingarda calibre 36, que custa R$ 1,8 mil.<\/p>\n\n\n\n<p>No dia 15 de janeiro, o presidente Bolsonaro assinou o decreto que alterou as regras para concess\u00e3o de posse de arma de fogo para os cidad\u00e3os civis. As principais mudan\u00e7as foram o aumento de 5 para 10 anos do prazo de validade do registro de armas e a n\u00e3o obrigatoriedade de comprovar necessidade de ter a arma em posse. Mas, segundo o vendedor Juarez Ant\u00f4nio de Souza, que trabalha em uma loja de armas da Capital, os comerciantes do ramo est\u00e3o batalhando pela redu\u00e7\u00e3o de impostos, prometida pelo presidente da Rep\u00fablica, para que as pessoas passem a comprar armas.<\/p>\n\n\n\n<p>\u201cA procura por informa\u00e7\u00f5es aumentou, mas as vendas continuam paradas. Quando as pessoas tomam conhecimento do pre\u00e7o se assustam e v\u00e3o embora apenas com as informa\u00e7\u00f5es\u201d, disse Juarez. O vendedor mostrou um panfleto preparado pela loja, com informa\u00e7\u00f5es detalhadas sobre o que o interessado precisa fazer para dar entrada no pedido de posse, na Pol\u00edcia Federal e disse que \u00e9 o \u00fanico item que os clientes levam da loja. \u201cUm rev\u00f3lver 38, do modelo mais simples, custa R$ 2,9, chegando a mais de R$ 5 mil os modelos mais refor\u00e7ados\u201d, acrescentou.<\/p>\n\n\n\n<p>O presidente da Academia Paraibana de Tiro (APT), M\u00e1rio Nogueira, disse que um dos motivos para os pre\u00e7os estarem t\u00e3o altos foi uma especula\u00e7\u00e3o de mercado de um dos principais fabricantes de arma. \u201cO decreto do presidente foi assinado no dia 15 de janeiro, por volta de meio dia. Meia hora depois, a Taurus reajustou a tabela de pre\u00e7os das armas em 12%. Dias antes, logo no in\u00edcio da atual gest\u00e3o, o Governo da Para\u00edba aumentou o imposto estadual sobre armas, que era de 29% para 32,5%. Ainda existe outro imposto sobre armas, na al\u00edquota de 2% para erradica\u00e7\u00e3o da pobreza, algo como acontece com cigarros e bebidas. Tudo isso pesa no valor final e afasta os clientes\u201d, detalhou.<\/p>\n\n\n\n<p>PBAGORA<\/p>\n","protected":false},"excerpt":{"rendered":"<p>O decreto presidencial que facilitou a posse de arma de fogo no Brasil ainda n\u00e3o resultou em aumento de venda de armas em Jo\u00e3o Pessoa.&hellip; <\/p>\n","protected":false},"author":1,"featured_media":84459,"comment_status":"closed","ping_status":"closed","sticky":false,"template":"","format":"standard","meta":{"sfsi_plus_gutenberg_text_before_share":"","sfsi_plus_gutenberg_show_text_before_share":"","sfsi_plus_gutenberg_icon_type":"","sfsi_plus_gutenberg_icon_alignemt":"","sfsi_plus_gutenburg_max_per_row":"","footnotes":""},"categories":[11],"tags":[],"class_list":["post-84458","post","type-post","status-publish","format-standard","has-post-thumbnail","hentry","category-politica"],"_links":{"self":[{"href":"https:\/\/www.caririemacao.com\/1\/wp-json\/wp\/v2\/posts\/84458","targetHints":{"allow":["GET"]}}],"collection":[{"href":"https:\/\/www.caririemacao.com\/1\/wp-json\/wp\/v2\/posts"}],"about":[{"href":"https:\/\/www.caririemacao.com\/1\/wp-json\/wp\/v2\/types\/post"}],"author":[{"embeddable":true,"href":"https:\/\/www.caririemacao.com\/1\/wp-json\/wp\/v2\/users\/1"}],"replies":[{"embeddable":true,"href":"https:\/\/www.caririemacao.com\/1\/wp-json\/wp\/v2\/comments?post=84458"}],"version-history":[{"count":1,"href":"https:\/\/www.caririemacao.com\/1\/wp-json\/wp\/v2\/posts\/84458\/revisions"}],"predecessor-version":[{"id":84460,"href":"https:\/\/www.caririemacao.com\/1\/wp-json\/wp\/v2\/posts\/84458\/revisions\/84460"}],"wp:featuredmedia":[{"embeddable":true,"href":"https:\/\/www.caririemacao.com\/1\/wp-json\/wp\/v2\/media\/84459"}],"wp:attachment":[{"href":"https:\/\/www.caririemacao.com\/1\/wp-json\/wp\/v2\/media?parent=84458"}],"wp:term":[{"taxonomy":"category","embeddable":true,"href":"https:\/\/www.caririemacao.com\/1\/wp-json\/wp\/v2\/categories?post=84458"},{"taxonomy":"post_tag","embeddable":true,"href":"https:\/\/www.caririemacao.com\/1\/wp-json\/wp\/v2\/tags?post=84458"}],"curies":[{"name":"wp","href":"https:\/\/api.w.org\/{rel}","templated":true}]}}