{"id":84461,"date":"2019-02-13T08:05:56","date_gmt":"2019-02-13T11:05:56","guid":{"rendered":"http:\/\/www.caririemacao.com\/1\/?p=84461"},"modified":"2019-02-13T08:05:59","modified_gmt":"2019-02-13T11:05:59","slug":"supremo-deve-julgar-hoje-acao-para-criminalizar-homofobia","status":"publish","type":"post","link":"https:\/\/www.caririemacao.com\/1\/2019\/02\/13\/supremo-deve-julgar-hoje-acao-para-criminalizar-homofobia\/","title":{"rendered":"Supremo deve julgar hoje a\u00e7\u00e3o para criminalizar homofobia"},"content":{"rendered":"\n<p>O Supremo Tribunal Federal (STF) deve julgar hoje (13) uma a\u00e7\u00e3o protocolada pelo PPS para&nbsp;<a href=\"http:\/\/agenciabrasil.ebc.com.br\/justica\/noticia\/2019-02\/stf-julga-nesta-semana-acao-para-criminalizar-homofobia\" target=\"_blank\" rel=\"noreferrer noopener\">criminalizar a homofobia<\/a>, que \u00e9 caracterizada pelo preconceito contra o p\u00fablico&nbsp;LGBT (l\u00e9sbicas,&nbsp;gays, bissexuais, transexuais). Em tramita\u00e7\u00e3o na Corte desde 2013, a a\u00e7\u00e3o \u00e9 relatado pelo ministro Celso de Mello.<\/p>\n\n\n\n<p>Ontem (12), o presidente do Supremo, Dias Toffoli, recebeu integrantes das<a href=\"http:\/\/agenciabrasil.ebc.com.br\/justica\/noticia\/2019-02\/toffoli-recebe-deputados-para-tratar-de-acao-que-criminaliza-homofobia\" target=\"_blank\" rel=\"noreferrer noopener\">comunidades evang\u00e9lica e LGBT<\/a>. A A\u00e7\u00e3o Direta de Inconstitucionalidade por Omiss\u00e3o (ADO) 26, ajuizada pelo PPS, pede a equipara\u00e7\u00e3o da homofobia e transfobia ao crime de racismo.<\/p>\n\n\n\n<p>\u201cTodas as formas de homofobia e transfobia devem ser punidas com o mesmo rigor aplicado atualmente pela Lei de Racismo, sob pena de hierarquiza\u00e7\u00e3o de opress\u00f5es decorrentes da puni\u00e7\u00e3o mais severa de determinada opress\u00e3o relativamente \u00e0 outra\u201d, diz a a\u00e7\u00e3o.<\/p>\n\n\n\n<p>Em outra a\u00e7\u00e3o, que ser\u00e1 analisada em conjunto com a do PPS, um mandado de injun\u00e7\u00e3o, a ABGLT, pede que o Supremo reconhe\u00e7a ser um crime espec\u00edfico de homofobia.<\/p>\n\n\n\n<p>Regras<\/p>\n\n\n\n<p>Os ministros devem definir se a Suprema Corte pode criar regras tempor\u00e1rias para punir agressores do p\u00fablico&nbsp;LGBT, at\u00e9 a vota\u00e7\u00e3o de um projeto que trata sobre o tema no Congresso Nacional.<\/p>\n\n\n\n<p>Pelo atual ordenamento jur\u00eddico, a tipifica\u00e7\u00e3o de crimes cabe ao Poder Legislativo, respons\u00e1vel pela cria\u00e7\u00e3o das leis.<\/p>\n\n\n\n<p>Tifipica\u00e7\u00e3o<\/p>\n\n\n\n<p>O crime de homofobia n\u00e3o est\u00e1 tipificado na legisla\u00e7\u00e3o penal brasileira. Nos casos envolvendo agress\u00f5es contra homossexuais, a conduta \u00e9 tratada como les\u00e3o corporal, tentativa de homic\u00eddio ou ofensa moral.<\/p>\n\n\n\n<p>No entendimento do partido,&nbsp;a minoria LGBT deve ser inclu\u00edda no conceito de &#8220;ra\u00e7a social&#8221; e os agressores punidos na forma do crime de racismo.<\/p>\n\n\n\n<p>Ag\u00eancia Brasil&nbsp;<\/p>\n","protected":false},"excerpt":{"rendered":"<p>O Supremo Tribunal Federal (STF) deve julgar hoje (13) uma a\u00e7\u00e3o protocolada pelo PPS para&nbsp;criminalizar a homofobia, que \u00e9 caracterizada pelo preconceito contra o p\u00fablico&nbsp;LGBT&hellip; <\/p>\n","protected":false},"author":1,"featured_media":12092,"comment_status":"closed","ping_status":"closed","sticky":false,"template":"","format":"standard","meta":{"sfsi_plus_gutenberg_text_before_share":"","sfsi_plus_gutenberg_show_text_before_share":"","sfsi_plus_gutenberg_icon_type":"","sfsi_plus_gutenberg_icon_alignemt":"","sfsi_plus_gutenburg_max_per_row":"","footnotes":""},"categories":[11],"tags":[],"class_list":["post-84461","post","type-post","status-publish","format-standard","has-post-thumbnail","hentry","category-politica"],"_links":{"self":[{"href":"https:\/\/www.caririemacao.com\/1\/wp-json\/wp\/v2\/posts\/84461","targetHints":{"allow":["GET"]}}],"collection":[{"href":"https:\/\/www.caririemacao.com\/1\/wp-json\/wp\/v2\/posts"}],"about":[{"href":"https:\/\/www.caririemacao.com\/1\/wp-json\/wp\/v2\/types\/post"}],"author":[{"embeddable":true,"href":"https:\/\/www.caririemacao.com\/1\/wp-json\/wp\/v2\/users\/1"}],"replies":[{"embeddable":true,"href":"https:\/\/www.caririemacao.com\/1\/wp-json\/wp\/v2\/comments?post=84461"}],"version-history":[{"count":1,"href":"https:\/\/www.caririemacao.com\/1\/wp-json\/wp\/v2\/posts\/84461\/revisions"}],"predecessor-version":[{"id":84462,"href":"https:\/\/www.caririemacao.com\/1\/wp-json\/wp\/v2\/posts\/84461\/revisions\/84462"}],"wp:featuredmedia":[{"embeddable":true,"href":"https:\/\/www.caririemacao.com\/1\/wp-json\/wp\/v2\/media\/12092"}],"wp:attachment":[{"href":"https:\/\/www.caririemacao.com\/1\/wp-json\/wp\/v2\/media?parent=84461"}],"wp:term":[{"taxonomy":"category","embeddable":true,"href":"https:\/\/www.caririemacao.com\/1\/wp-json\/wp\/v2\/categories?post=84461"},{"taxonomy":"post_tag","embeddable":true,"href":"https:\/\/www.caririemacao.com\/1\/wp-json\/wp\/v2\/tags?post=84461"}],"curies":[{"name":"wp","href":"https:\/\/api.w.org\/{rel}","templated":true}]}}