{"id":84465,"date":"2019-02-13T08:09:12","date_gmt":"2019-02-13T11:09:12","guid":{"rendered":"http:\/\/www.caririemacao.com\/1\/?p=84465"},"modified":"2019-02-13T08:09:18","modified_gmt":"2019-02-13T11:09:18","slug":"pf-abre-investigacao-e-chama-candidata-laranja-do-psl-para-depor","status":"publish","type":"post","link":"https:\/\/www.caririemacao.com\/1\/2019\/02\/13\/pf-abre-investigacao-e-chama-candidata-laranja-do-psl-para-depor\/","title":{"rendered":"PF abre investiga\u00e7\u00e3o e chama candidata laranja do PSL para depor"},"content":{"rendered":"\n<p>A Pol\u00edcia Federal intimou a prestar depoimento uma candidata a deputada federal usada como laranja pelo PSL, partido do presidente Jair Bolsonaro.<\/p>\n\n\n\n<p>Reportagem da&nbsp;Folha&nbsp;de S.Paulo deste domingo&nbsp;(10) revelou que o&nbsp;grupo do atual presidente do PSL,&nbsp;Luciano Bivar (PE), rec\u00e9m-eleito segundo vice-presidente da&nbsp;C\u00e2mara dos Deputados, criou uma candidata laranja em Pernambuco que recebeu do partido R$ 400 mil de dinheiro p\u00fablico na elei\u00e7\u00e3o de 2018.<\/p>\n\n\n\n<p>Maria de Lourdes Paix\u00e3o, 68, que oficialmente concorreu a deputada federal e teve apenas 274 votos, foi a terceira maior beneficiada com verba do PSL em todo o pa\u00eds, mais do que o pr\u00f3prio presidente&nbsp;Bolsonaro e a deputada&nbsp;Joice Hasselmann (SP), essa com 1,079 milh\u00e3o de votos.<\/p>\n\n\n\n<p>O dinheiro do fundo partid\u00e1rio do&nbsp;PSL&nbsp;foi enviado pela dire\u00e7\u00e3o nacional da sigla para a conta da candidata em 3 de outubro, quatro dias antes da elei\u00e7\u00e3o. Na \u00e9poca, o hoje ministro da Secretaria-Geral da Presid\u00eancia,&nbsp;Gustavo&nbsp;Bebianno, era presidente interino da legenda e coordenador da campanha de Jair&nbsp;Bolsonaro (PSL), com&nbsp;foco em discurso de \u00e9tica e combate \u00e0 corrup\u00e7\u00e3o.<\/p>\n\n\n\n<p>Apesar de ser uma das campe\u00e3s de verba p\u00fablica do PSL, Lourdes teve uma vota\u00e7\u00e3o que representa um indicativo de candidatura de fachada, em que h\u00e1 simula\u00e7\u00e3o de atos de campanha, mas n\u00e3o empenho efetivo na busca de votos.<\/p>\n\n\n\n<p>O depoimento de Maria de Lourdes na superintend\u00eancia da PF no Recife est\u00e1 marcado para&nbsp;\u00e0s 11h desta quinta-feira (14).&nbsp;Na manh\u00e3 desta ter\u00e7a-feira (12), a&nbsp;Folha&nbsp;de S.Paulo esteve na resid\u00eancia de Maria de Lourdes e na sede do PSL em Pernambuco. Ela n\u00e3o foi encontrada em nenhum dos dois lugares.<\/p>\n\n\n\n<p>Na sede do partido, a recepcionista informou que Maria de Lourdes faltou ao trabalho tamb\u00e9m nesta segunda-feira (11), para resolver problemas pessoais.<\/p>\n\n\n\n<p>Ela ser\u00e1 ouvida na Pol\u00edcia Federal em um procedimento chamado Registro Especial, que \u00e9 um mecanismo formal para obter informa\u00e7\u00f5es antes mesmo da abertura do inqu\u00e9rito policial. A Procuradoria Regional Eleitoral em Pernambuco informou que o caso est\u00e1 sendo analisado.<\/p>\n\n\n\n<figure class=\"wp-block-image\"><img decoding=\"async\" data-src=\"https:\/\/paraibaonline.com.br\/wp-content\/uploads\/2019\/02\/grafica-PE-556x417.jpg\" alt=\"(Foto: Jo\u00e3o Valadares\/Folhapress)\" class=\"wp-image-579631 lazyload\" src=\"data:image\/svg+xml;base64,PHN2ZyB3aWR0aD0iMSIgaGVpZ2h0PSIxIiB4bWxucz0iaHR0cDovL3d3dy53My5vcmcvMjAwMC9zdmciPjwvc3ZnPg==\" style=\"--smush-placeholder-width: 556px; --smush-placeholder-aspect-ratio: 556\/417;\" \/><\/figure>\n\n\n\n<p>(Foto: Jo\u00e3o Valadares\/Folhapress)<\/p>\n\n\n\n<p>J\u00e1 a&nbsp;Pol\u00edcia Civil de Pernambuco comunicou na tarde desta ter\u00e7a-feira (12) que instaurou inqu\u00e9rito para apurar as informa\u00e7\u00f5es&nbsp;publicadas pela Folha de S.Paulo. Em nota, a corpora\u00e7\u00e3o comunicou que o Departamento de Repress\u00e3o ao Crime Organizado e Corrup\u00e7\u00e3o (Draco) ficar\u00e1 \u00e0 frente das investiga\u00e7\u00f5es.<\/p>\n\n\n\n<p>Na semana passada a&nbsp;Folha&nbsp;de S.Paulo havia publicado que o atual ministro do Turismo, Marcelo \u00c1lvaro Ant\u00f4nio, patrocinou um&nbsp;esquema de candidaturas de fachada&nbsp;em Minas que tamb\u00e9m receberam recursos volumosos do fundo eleitoral do PSL nacional e que n\u00e3o tiveram nem 2.000 votos, juntas. Parte do gasto que elas declararam foram para empresas com liga\u00e7\u00e3o com o gabinete de \u00c1lvaro Ant\u00f4nio na C\u00e2mara.<\/p>\n\n\n\n<p>Ap\u00f3s essa&nbsp;revela\u00e7\u00e3o sobre o ministro do Turismo, o&nbsp;vice-presidente, general Hamilton Mour\u00e3o, afirmou que esse caso deveria ser investigado.<\/p>\n\n\n\n<p>Hospitalizado, o presidente&nbsp;Bolsonaro&nbsp;ainda n\u00e3o se pronunciou sobre o tema. Ele&nbsp;tem feito declara\u00e7\u00f5es por meio de redes sociais, mas n\u00e3o comentou o assunto at\u00e9 o momento.<\/p>\n\n\n\n<p>O&nbsp;ex-juiz&nbsp;Sergio&nbsp;Moro, ministro da Justi\u00e7a, afirmou, tamb\u00e9m sobre o colega de minist\u00e9rio, que o caso ser\u00e1 apurado \u201cse surgir a necessidade\u201d.<\/p>\n\n\n\n<p>GR\u00c1FICA<br>Dos R$ 400 mil repassados pelo PSL,&nbsp;Maria de Lourdes Paix\u00e3o&nbsp;declarou ter gastado R$ 380 mil de dinheiro p\u00fablico&nbsp;em uma gr\u00e1fica a quatro dias da elei\u00e7\u00e3o, em outubro do ano passado.<\/p>\n\n\n\n<p>Na semana passada, a reportagem da&nbsp;Folha&nbsp;de S.Paulo visitou primeiramente um endere\u00e7o que consta na nota fiscal da gr\u00e1fica Itapissu, no bairro Arruda, na capital pernambucana, e encontrou apenas uma oficina de carros, que funciona h\u00e1 quase um ano no local (foto).<\/p>\n\n\n\n<p>Nesta segunda-feira (10), a empresa, no endere\u00e7o constante na Receita Federal, amanheceu de porta aberta. Numa sala pequena com duas mesas, n\u00e3o havia m\u00e1quinas para impress\u00e3o em larga escala.<\/p>\n\n\n\n<p>No im\u00f3vel informado na Receita, localizado no n\u00famero 345 da avenida Santos Dumont, h\u00e1 um caf\u00e9 instalado no t\u00e9rreo e um espa\u00e7o para aulas de refor\u00e7o.<\/p>\n\n\n\n<p>Ao contr\u00e1rio do que havia dito Luciano Bivar, n\u00e3o h\u00e1 m\u00e1quinas para impress\u00e3o de material de campanha. Ao ser questionada, a empresa, por meio do advogado, n\u00e3o informou onde o material da candidata havia sido rodado.<\/p>\n\n\n\n<p>Ao saber que a gr\u00e1fica estava envolvida em um esquema de candidatura fantasma, a propriet\u00e1ria do im\u00f3vel comunicou que a empresa deve deixar o local at\u00e9 a pr\u00f3xima sexta-feira (15).<\/p>\n","protected":false},"excerpt":{"rendered":"<p>A Pol\u00edcia Federal intimou a prestar depoimento uma candidata a deputada federal usada como laranja pelo PSL, partido do presidente Jair Bolsonaro. Reportagem da&nbsp;Folha&nbsp;de S.Paulo&hellip; <\/p>\n","protected":false},"author":1,"featured_media":84466,"comment_status":"closed","ping_status":"closed","sticky":false,"template":"","format":"standard","meta":{"sfsi_plus_gutenberg_text_before_share":"","sfsi_plus_gutenberg_show_text_before_share":"","sfsi_plus_gutenberg_icon_type":"","sfsi_plus_gutenberg_icon_alignemt":"","sfsi_plus_gutenburg_max_per_row":"","footnotes":""},"categories":[11],"tags":[],"class_list":["post-84465","post","type-post","status-publish","format-standard","has-post-thumbnail","hentry","category-politica"],"_links":{"self":[{"href":"https:\/\/www.caririemacao.com\/1\/wp-json\/wp\/v2\/posts\/84465","targetHints":{"allow":["GET"]}}],"collection":[{"href":"https:\/\/www.caririemacao.com\/1\/wp-json\/wp\/v2\/posts"}],"about":[{"href":"https:\/\/www.caririemacao.com\/1\/wp-json\/wp\/v2\/types\/post"}],"author":[{"embeddable":true,"href":"https:\/\/www.caririemacao.com\/1\/wp-json\/wp\/v2\/users\/1"}],"replies":[{"embeddable":true,"href":"https:\/\/www.caririemacao.com\/1\/wp-json\/wp\/v2\/comments?post=84465"}],"version-history":[{"count":1,"href":"https:\/\/www.caririemacao.com\/1\/wp-json\/wp\/v2\/posts\/84465\/revisions"}],"predecessor-version":[{"id":84467,"href":"https:\/\/www.caririemacao.com\/1\/wp-json\/wp\/v2\/posts\/84465\/revisions\/84467"}],"wp:featuredmedia":[{"embeddable":true,"href":"https:\/\/www.caririemacao.com\/1\/wp-json\/wp\/v2\/media\/84466"}],"wp:attachment":[{"href":"https:\/\/www.caririemacao.com\/1\/wp-json\/wp\/v2\/media?parent=84465"}],"wp:term":[{"taxonomy":"category","embeddable":true,"href":"https:\/\/www.caririemacao.com\/1\/wp-json\/wp\/v2\/categories?post=84465"},{"taxonomy":"post_tag","embeddable":true,"href":"https:\/\/www.caririemacao.com\/1\/wp-json\/wp\/v2\/tags?post=84465"}],"curies":[{"name":"wp","href":"https:\/\/api.w.org\/{rel}","templated":true}]}}