{"id":84468,"date":"2019-02-13T08:10:15","date_gmt":"2019-02-13T11:10:15","guid":{"rendered":"http:\/\/www.caririemacao.com\/1\/?p=84468"},"modified":"2019-02-13T08:10:17","modified_gmt":"2019-02-13T11:10:17","slug":"campinense-encara-bota-rj-para-tentar-avancar-e-garantir-mais-r-625-mil-de-cota","status":"publish","type":"post","link":"https:\/\/www.caririemacao.com\/1\/2019\/02\/13\/campinense-encara-bota-rj-para-tentar-avancar-e-garantir-mais-r-625-mil-de-cota\/","title":{"rendered":"Campinense encara Bota-RJ para tentar avan\u00e7ar e garantir mais R$ 625 mil de cota"},"content":{"rendered":"\n<p><br>Embalado pela vit\u00f3ria no Cl\u00e1ssico dos Maiorais do \u00faltimo domingo, o Campinense entra em campo logo mais, \u00e0s 20h30, no est\u00e1dio Amig\u00e3o, para encarar o Botafogo-RJ pela primeira fase da Copa do Brasil.<\/p>\n\n\n\n<p>Ser\u00e1 a primeira partida oficial da hist\u00f3ria de paraibanos e cariocas, que at\u00e9 ent\u00e3o se enfrentaram amistosamente em tr\u00eas oportunidades, com dois empates e uma vit\u00f3ria alvinegras.<\/p>\n\n\n\n<p>O duelo desta quarta-feira (13) tamb\u00e9m tem outro valor hist\u00f3rico: \u00e9 a reedi\u00e7\u00e3o do jogo inaugural do Amig\u00e3o, aberto oficialmente no dia 8 de mar\u00e7o de 1975, oportunidade em que a Raposa e o time de General Severiano ficaram no 0 a 0.<\/p>\n\n\n\n<p>Caso consiga se classificar, o Campinense, que j\u00e1 garantiu R$ 525 mil, embolsa mais R$ 625 mil da cota de participa\u00e7\u00e3o da segunda fase. Para tanto, s\u00f3 a vit\u00f3ria interessa ao Rubro-Negro, j\u00e1 que o empate classifica o Bota-RJ.<\/p>\n\n\n\n<p>Avan\u00e7ar de fase na Copa do Brasil, portanto, seria a salva\u00e7\u00e3o financeira da Raposa na temporada.<\/p>\n\n\n\n<figure class=\"wp-block-image\"><img decoding=\"async\" data-src=\"https:\/\/paraibaonline.com.br\/wp-content\/uploads\/2019\/02\/Treze0x1Campinense_10022019.jpg\" alt=\"Foto: Samy Oliveira \/ Campinense Clube\" class=\"wp-image-579863 lazyload\" src=\"data:image\/svg+xml;base64,PHN2ZyB3aWR0aD0iMSIgaGVpZ2h0PSIxIiB4bWxucz0iaHR0cDovL3d3dy53My5vcmcvMjAwMC9zdmciPjwvc3ZnPg==\" \/><\/figure>\n\n\n\n<p>Foto: Samy Oliveira \/ Campinense Clube<\/p>\n\n\n\n<p>Para a peleja de hoje, o t\u00e9cnico do Rubro-Negro, Francisco Di\u00e1, continua com os desfalques do atacante Chaveirinho e do lateral esquerdo James. A tend\u00eancia \u00e9 que ele repita a escala\u00e7\u00e3o que iniciou o cl\u00e1ssico de domingo, quando a equipe cartola venceu o rival Treze por 1 a 0.<\/p>\n\n\n\n<p>No entanto, ontem, no \u00faltimo treino para a partida, realizado no Amig\u00e3o, o treinador raposeiro testou o zagueiro Henrique Mattos no time principal, assim como o meia Jo\u00e3o Paulo centralizado no ataque, na vaga de Lopeu. As d\u00favidas ser\u00e3o desvanecidas somente minutos antes de a bola rolar.<\/p>\n\n\n\n<p>\u2013 O Campinense passa por um momento bom, mas agora \u00e9 outra competi\u00e7\u00e3o, outro n\u00edvel, contra um time de S\u00e9rie A de Campeonato Brasileiro, treinado por um profissional competente, que \u00e9 o Z\u00e9 Ricardo. A gente perdeu duas pe\u00e7as muito importantes, Chaveirinho e James, mas os jogadores que est\u00e3o entrando t\u00eam superado as dificuldades e acredito numa boa apresenta\u00e7\u00e3o do Campinense \u2013 comentou Di\u00e1.<\/p>\n\n\n\n<p><strong>Botafogo-RJ<\/strong><\/p>\n\n\n\n<p>Depois de um in\u00edcio de temporada ruim, o Botafogo-RJ de Z\u00e9 Ricardo conseguiu duas vit\u00f3rias nos \u00faltimos dois jogos e desembarcou em Campina Grande afim de exorcizar o fantasma da Aparecidense, que ano passado eliminou a equipe justamente na primeira fase da Copa do Brasil.<\/p>\n\n\n\n<p>Ainda sem poder contar com os meias Marcus Vin\u00edcius, L\u00e9o Val\u00eancia e o rec\u00e9m contratado C\u00edcero, o treinador ganhou Jo\u00e3o Paulo, recuperado de les\u00e3o muscular, como op\u00e7\u00e3o.<\/p>\n\n\n\n<p>Com base no que se viu dos treinamentos de segunda-feira, ainda no Rio, e ontem, j\u00e1 na Para\u00edba, provavelmente Z\u00e9 Ricardo vai repetir a escala\u00e7\u00e3o da vit\u00f3ria do meio da semana passada, pela Copa Sul-Americana, ante o Denfensa y Justi\u00e7a<\/p>\n\n\n\n<p><strong>Arbitragem<\/strong><\/p>\n\n\n\n<p>Rodrigo D\u2019alonso Ferreira, de Santa Catarina, apita Campinense x Botafogo-RJ. Ele contar\u00e1 com as assist\u00eancias dos conterr\u00e2neos Alex dos Santos e Henrique Neu Ribeiro. O quarto \u00e1rbitro \u00e9 o pernambucano&nbsp;Gleydson Ferreira Leite.<\/p>\n\n\n\n<p><strong>Prov\u00e1veis escala\u00e7\u00f5es<\/strong><\/p>\n\n\n\n<p><strong>Campinense:<\/strong>&nbsp;Wagner Coradin, Neilson, Henrique Mattos, Richardson e Jo\u00e3o Victor; Cleber, Romeu, Gustavo e \u00c1lisson Xabala; Warlei e Jo\u00e3o Paulo (Lopeu). T\u00e9cnico: Francisco Di\u00e1.<\/p>\n\n\n\n<p><strong>Botafogo-RJ<\/strong>:&nbsp;Gatito Fern\u00e1ndez, Marcinho, Joel Carli, Gabriel e Jonathan; Jean, Alex Santana e Luiz Fernando; Erik, Rodrigo Pimp\u00e3o e Kieza. T\u00e9cnico: Z\u00e9 Ricardo.<\/p>\n","protected":false},"excerpt":{"rendered":"<p>Embalado pela vit\u00f3ria no Cl\u00e1ssico dos Maiorais do \u00faltimo domingo, o Campinense entra em campo logo mais, \u00e0s 20h30, no est\u00e1dio Amig\u00e3o, para encarar o&hellip; <\/p>\n","protected":false},"author":1,"featured_media":84469,"comment_status":"closed","ping_status":"closed","sticky":false,"template":"","format":"standard","meta":{"sfsi_plus_gutenberg_text_before_share":"","sfsi_plus_gutenberg_show_text_before_share":"","sfsi_plus_gutenberg_icon_type":"","sfsi_plus_gutenberg_icon_alignemt":"","sfsi_plus_gutenburg_max_per_row":"","footnotes":""},"categories":[13],"tags":[],"class_list":["post-84468","post","type-post","status-publish","format-standard","has-post-thumbnail","hentry","category-esportes"],"_links":{"self":[{"href":"https:\/\/www.caririemacao.com\/1\/wp-json\/wp\/v2\/posts\/84468","targetHints":{"allow":["GET"]}}],"collection":[{"href":"https:\/\/www.caririemacao.com\/1\/wp-json\/wp\/v2\/posts"}],"about":[{"href":"https:\/\/www.caririemacao.com\/1\/wp-json\/wp\/v2\/types\/post"}],"author":[{"embeddable":true,"href":"https:\/\/www.caririemacao.com\/1\/wp-json\/wp\/v2\/users\/1"}],"replies":[{"embeddable":true,"href":"https:\/\/www.caririemacao.com\/1\/wp-json\/wp\/v2\/comments?post=84468"}],"version-history":[{"count":1,"href":"https:\/\/www.caririemacao.com\/1\/wp-json\/wp\/v2\/posts\/84468\/revisions"}],"predecessor-version":[{"id":84470,"href":"https:\/\/www.caririemacao.com\/1\/wp-json\/wp\/v2\/posts\/84468\/revisions\/84470"}],"wp:featuredmedia":[{"embeddable":true,"href":"https:\/\/www.caririemacao.com\/1\/wp-json\/wp\/v2\/media\/84469"}],"wp:attachment":[{"href":"https:\/\/www.caririemacao.com\/1\/wp-json\/wp\/v2\/media?parent=84468"}],"wp:term":[{"taxonomy":"category","embeddable":true,"href":"https:\/\/www.caririemacao.com\/1\/wp-json\/wp\/v2\/categories?post=84468"},{"taxonomy":"post_tag","embeddable":true,"href":"https:\/\/www.caririemacao.com\/1\/wp-json\/wp\/v2\/tags?post=84468"}],"curies":[{"name":"wp","href":"https:\/\/api.w.org\/{rel}","templated":true}]}}