{"id":84471,"date":"2019-02-13T08:11:33","date_gmt":"2019-02-13T11:11:33","guid":{"rendered":"http:\/\/www.caririemacao.com\/1\/?p=84471"},"modified":"2019-02-13T08:11:36","modified_gmt":"2019-02-13T11:11:36","slug":"o-partido-que-se-explique-afirma-mourao-sobre-laranjas-do-psl","status":"publish","type":"post","link":"https:\/\/www.caririemacao.com\/1\/2019\/02\/13\/o-partido-que-se-explique-afirma-mourao-sobre-laranjas-do-psl\/","title":{"rendered":"\u2018O partido que se explique\u2019, afirma Mour\u00e3o sobre laranjas do PSL"},"content":{"rendered":"\n<p>&nbsp;O vice-presidente, general Hamilton Mour\u00e3o, disse que a apura\u00e7\u00e3o da Pol\u00edcia Federal sobre candidatos laranjas do PSL \u00e9 \u201cum problema do partido\u201d.<\/p>\n\n\n\n<p>Filiado ao PRTB, \u00fanica legenda a se coligar com o PSL de Jair Bolsonaro, Mour\u00e3o nega que a apura\u00e7\u00e3o possa atingir o governo e o pr\u00f3prio presidente.<\/p>\n\n\n\n<p>\u201cO presidente pertence ao PSL, mas [isso] n\u00e3o tem nada a ver com a campanha dele. Ent\u00e3o \u00e9 problema do partido. O partido que se explique\u201d, afirmou.<\/p>\n\n\n\n<p>Ao deixar o Pal\u00e1cio do Planalto na noite desta ter\u00e7a-feira (12), Mour\u00e3o disse n\u00e3o saber se Bolsonaro pediu explica\u00e7\u00f5es ao PSL sobre as suspeitas.<\/p>\n\n\n\n<p>Reportagem da Folha de S. Paulo de domingo (10) revelou que o grupo do atual presidente do PSL, Luciano Bivar (PE), rec\u00e9m-eleito segundo vice-presidente da C\u00e2mara dos Deputados, criou uma candidata laranja em Pernambuco que recebeu do partido R$ 400 mil de dinheiro p\u00fablico na elei\u00e7\u00e3o de 2018.<\/p>\n\n\n\n<figure class=\"wp-block-image\"><img decoding=\"async\" data-src=\"https:\/\/paraibaonline.com.br\/wp-content\/uploads\/2019\/01\/mourao2801-567x378.jpg\" alt=\"Valter Campanato\/Ag\u00eancia Brasil\" class=\"wp-image-567511 lazyload\" src=\"data:image\/svg+xml;base64,PHN2ZyB3aWR0aD0iMSIgaGVpZ2h0PSIxIiB4bWxucz0iaHR0cDovL3d3dy53My5vcmcvMjAwMC9zdmciPjwvc3ZnPg==\" style=\"--smush-placeholder-width: 567px; --smush-placeholder-aspect-ratio: 567\/378;\" \/><\/figure>\n\n\n\n<p>Foto: Valter Campanato\/Ag\u00eancia Brasil<\/p>\n\n\n\n<p>Maria de Lourdes Paix\u00e3o, 68, que oficialmente concorreu a deputada federal e teve apenas 274 votos, foi a terceira maior beneficiada com verba do PSL em todo o pa\u00eds, mais do que o pr\u00f3prio presidente Bolsonaro e a deputada Joice Hasselmann (SP), essa eleita com 1,079 milh\u00e3o de votos.<\/p>\n\n\n\n<p>O dinheiro do fundo partid\u00e1rio do PSL foi enviado pela dire\u00e7\u00e3o nacional da sigla para a conta da candidata em 3 de outubro, quatro dias antes da elei\u00e7\u00e3o. Na \u00e9poca, o hoje ministro da Secretaria-Geral da Presid\u00eancia, Gustavo Bebianno, era presidente interino da legenda e coordenador da campanha de Jair Bolsonaro (PSL), com foco em discurso de \u00e9tica e combate \u00e0 corrup\u00e7\u00e3o.<\/p>\n\n\n\n<p>Apesar de ser uma das campe\u00e3s de verba p\u00fablica do PSL, Lourdes teve uma vota\u00e7\u00e3o que representa um indicativo de candidatura de fachada, em que h\u00e1 simula\u00e7\u00e3o de atos de campanha, mas n\u00e3o empenho efetivo na busca de votos.<\/p>\n\n\n\n<p>A PF intimou Lourdes a prestar depoimento&nbsp;na superintend\u00eancia no Recife. A fala dela est\u00e1 marcada para \u00e0s 11h desta quinta-feira (14). Na manh\u00e3 desta ter\u00e7a, a reportagem esteve na resid\u00eancia de Maria de Lourdes e na sede do PSL em Pernambuco. Ela n\u00e3o foi encontrada em nenhum dos dois lugares.<\/p>\n","protected":false},"excerpt":{"rendered":"<p>&nbsp;O vice-presidente, general Hamilton Mour\u00e3o, disse que a apura\u00e7\u00e3o da Pol\u00edcia Federal sobre candidatos laranjas do PSL \u00e9 \u201cum problema do partido\u201d. Filiado ao PRTB,&hellip; <\/p>\n","protected":false},"author":1,"featured_media":84472,"comment_status":"closed","ping_status":"closed","sticky":false,"template":"","format":"standard","meta":{"sfsi_plus_gutenberg_text_before_share":"","sfsi_plus_gutenberg_show_text_before_share":"","sfsi_plus_gutenberg_icon_type":"","sfsi_plus_gutenberg_icon_alignemt":"","sfsi_plus_gutenburg_max_per_row":"","footnotes":""},"categories":[11],"tags":[],"class_list":["post-84471","post","type-post","status-publish","format-standard","has-post-thumbnail","hentry","category-politica"],"_links":{"self":[{"href":"https:\/\/www.caririemacao.com\/1\/wp-json\/wp\/v2\/posts\/84471","targetHints":{"allow":["GET"]}}],"collection":[{"href":"https:\/\/www.caririemacao.com\/1\/wp-json\/wp\/v2\/posts"}],"about":[{"href":"https:\/\/www.caririemacao.com\/1\/wp-json\/wp\/v2\/types\/post"}],"author":[{"embeddable":true,"href":"https:\/\/www.caririemacao.com\/1\/wp-json\/wp\/v2\/users\/1"}],"replies":[{"embeddable":true,"href":"https:\/\/www.caririemacao.com\/1\/wp-json\/wp\/v2\/comments?post=84471"}],"version-history":[{"count":1,"href":"https:\/\/www.caririemacao.com\/1\/wp-json\/wp\/v2\/posts\/84471\/revisions"}],"predecessor-version":[{"id":84473,"href":"https:\/\/www.caririemacao.com\/1\/wp-json\/wp\/v2\/posts\/84471\/revisions\/84473"}],"wp:featuredmedia":[{"embeddable":true,"href":"https:\/\/www.caririemacao.com\/1\/wp-json\/wp\/v2\/media\/84472"}],"wp:attachment":[{"href":"https:\/\/www.caririemacao.com\/1\/wp-json\/wp\/v2\/media?parent=84471"}],"wp:term":[{"taxonomy":"category","embeddable":true,"href":"https:\/\/www.caririemacao.com\/1\/wp-json\/wp\/v2\/categories?post=84471"},{"taxonomy":"post_tag","embeddable":true,"href":"https:\/\/www.caririemacao.com\/1\/wp-json\/wp\/v2\/tags?post=84471"}],"curies":[{"name":"wp","href":"https:\/\/api.w.org\/{rel}","templated":true}]}}