{"id":84474,"date":"2019-02-13T10:18:15","date_gmt":"2019-02-13T13:18:15","guid":{"rendered":"http:\/\/www.caririemacao.com\/1\/?p=84474"},"modified":"2019-02-13T10:18:18","modified_gmt":"2019-02-13T13:18:18","slug":"programa-social-sopa-da-gente-retorna-beneficiando-familias-carentes-em-monteiro","status":"publish","type":"post","link":"https:\/\/www.caririemacao.com\/1\/2019\/02\/13\/programa-social-sopa-da-gente-retorna-beneficiando-familias-carentes-em-monteiro\/","title":{"rendered":"Programa social Sopa da Gente retorna beneficiando fam\u00edlias carentes em Monteiro"},"content":{"rendered":"\n<p>O Programa Sopa da Gente retoma as atividades de distribui\u00e7\u00e3o na cidade de Monteiro nesta quarta-feira, 13, beneficiando quase mil fam\u00edlias com a entrega da refei\u00e7\u00e3o, al\u00e9m de verduras adquiridas atrav\u00e9s da compra feita dos produtores da agricultura familiar.<br> O programa \u00e9 um dos benef\u00edcios sociais de maior import\u00e2ncia do munic\u00edpio e \u00e9 realizado com recursos pr\u00f3prios. No \u00faltimo ano o Programa passou por inova\u00e7\u00f5es que melhoraram ainda<br> mais a qualidade do servi\u00e7o, atendendo orienta\u00e7\u00e3o da prefeita Anna Lorena.<br> Conforme informa\u00e7\u00f5es da secret\u00e1ria de Desenvolvimento Social, Rosa Aleixo, a concentra\u00e7\u00e3o<br> da entrega em um \u00fanico local, como vem sendo feito nos \u00faltimos dois anos, evita ocorr\u00eancias<br> de desperd\u00edcio e foca a entrega para pessoas que realmente necessitam deste importante<br> refor\u00e7o alimentar.<br> SOBRE O PROGRAMA<br> O programa Sopa da Gente \u00e9 realizado com recursos pr\u00f3prios da Prefeitura Municipal de<br> Monteiro e atende diariamente cerca de 4 mil pessoas, cujo cadastro \u00e9 realizado a partir dos<br> programas sociais que assistem o munic\u00edpio de Monteiro.<br> A sopa produzida \u00e9 elaborada atrav\u00e9s de um card\u00e1pio variado e rico em nutrientes,<br> acompanhado por um nutricionista que cuida pessoalmente da qualidade da mesma.<br> Em funcionamento, o programa funciona sempre a partir das 14 horas, quando a equipe da<br> Secretaria de Desenvolvimento Social entrega a sopa no Centro de Gastronomia, beneficiando<br> a popula\u00e7\u00e3o menos favorecida.<\/p>\n","protected":false},"excerpt":{"rendered":"<p>O Programa Sopa da Gente retoma as atividades de distribui\u00e7\u00e3o na cidade de Monteiro nesta quarta-feira, 13, beneficiando quase mil fam\u00edlias com a entrega da&hellip; <\/p>\n","protected":false},"author":1,"featured_media":84477,"comment_status":"closed","ping_status":"closed","sticky":false,"template":"","format":"standard","meta":{"sfsi_plus_gutenberg_text_before_share":"","sfsi_plus_gutenberg_show_text_before_share":"","sfsi_plus_gutenberg_icon_type":"","sfsi_plus_gutenberg_icon_alignemt":"","sfsi_plus_gutenburg_max_per_row":"","footnotes":""},"categories":[6],"tags":[],"class_list":["post-84474","post","type-post","status-publish","format-standard","has-post-thumbnail","hentry","category-cidades"],"_links":{"self":[{"href":"https:\/\/www.caririemacao.com\/1\/wp-json\/wp\/v2\/posts\/84474","targetHints":{"allow":["GET"]}}],"collection":[{"href":"https:\/\/www.caririemacao.com\/1\/wp-json\/wp\/v2\/posts"}],"about":[{"href":"https:\/\/www.caririemacao.com\/1\/wp-json\/wp\/v2\/types\/post"}],"author":[{"embeddable":true,"href":"https:\/\/www.caririemacao.com\/1\/wp-json\/wp\/v2\/users\/1"}],"replies":[{"embeddable":true,"href":"https:\/\/www.caririemacao.com\/1\/wp-json\/wp\/v2\/comments?post=84474"}],"version-history":[{"count":1,"href":"https:\/\/www.caririemacao.com\/1\/wp-json\/wp\/v2\/posts\/84474\/revisions"}],"predecessor-version":[{"id":84478,"href":"https:\/\/www.caririemacao.com\/1\/wp-json\/wp\/v2\/posts\/84474\/revisions\/84478"}],"wp:featuredmedia":[{"embeddable":true,"href":"https:\/\/www.caririemacao.com\/1\/wp-json\/wp\/v2\/media\/84477"}],"wp:attachment":[{"href":"https:\/\/www.caririemacao.com\/1\/wp-json\/wp\/v2\/media?parent=84474"}],"wp:term":[{"taxonomy":"category","embeddable":true,"href":"https:\/\/www.caririemacao.com\/1\/wp-json\/wp\/v2\/categories?post=84474"},{"taxonomy":"post_tag","embeddable":true,"href":"https:\/\/www.caririemacao.com\/1\/wp-json\/wp\/v2\/tags?post=84474"}],"curies":[{"name":"wp","href":"https:\/\/api.w.org\/{rel}","templated":true}]}}