{"id":84485,"date":"2019-02-13T10:24:18","date_gmt":"2019-02-13T13:24:18","guid":{"rendered":"http:\/\/www.caririemacao.com\/1\/?p=84485"},"modified":"2019-02-13T10:24:20","modified_gmt":"2019-02-13T13:24:20","slug":"reu-na-lava-jato-senador-presta-depoimento-no-stf","status":"publish","type":"post","link":"https:\/\/www.caririemacao.com\/1\/2019\/02\/13\/reu-na-lava-jato-senador-presta-depoimento-no-stf\/","title":{"rendered":"R\u00e9u na Lava Jato, senador presta depoimento no STF"},"content":{"rendered":"\n<p><br>Come\u00e7ou h\u00e1 pouco o depoimento do senador Fernando Collor de Mello (PROS-AL) no Supremo Tribunal Federal (STF). O parlamentar \u00e9 r\u00e9u desde 2017, quando a 2\u00aa Turma da Corte&nbsp;aceitou den\u00fancia apresentada pelo Minist\u00e9rio P\u00fablico Federal.<\/p>\n\n\n\n<figure class=\"wp-block-image\"><img decoding=\"async\" data-src=\"https:\/\/paraibaonline.com.br\/wp-content\/uploads\/2019\/02\/collor1302.jpg\" alt=\"\" class=\"wp-image-579950 lazyload\" src=\"data:image\/svg+xml;base64,PHN2ZyB3aWR0aD0iMSIgaGVpZ2h0PSIxIiB4bWxucz0iaHR0cDovL3d3dy53My5vcmcvMjAwMC9zdmciPjwvc3ZnPg==\" \/><\/figure>\n\n\n\n<p>Foto: Marcelo Camargo\/Ag\u00eancia Brasil<\/p>\n\n\n\n<p>Collor responde por corrup\u00e7\u00e3o passiva, lavagem de dinheiro e comando de organiza\u00e7\u00e3o criminosa na Opera\u00e7\u00e3o Lava Jato.<\/p>\n\n\n\n<p>O relator do processo, ministro Edson Fachin, designou um dos ju\u00edzes substitutos da Corte para tomar o depoimento de Collor. A audi\u00eancia ocorre com portas fechadas no segundo andar do Anexo 2 do STF.<\/p>\n\n\n\n<p>Collor e a advogada criminalista Livia Novak chegaram ao Tribunal pouco antes das 9h e, demontrando tranquilidade, aguardaram em uma sala de apoio onde tomaram caf\u00e9 e conversaram com assessores do Supremo.<\/p>\n\n\n\n<p>Segundo delatores ouvidos pelo Ministerio P\u00fablico, o senador recebeu mais de R$ 20 milh\u00f5es em propina para facilitar contratos da BR Distribuidora, subsidi\u00e1ria da Petrobras.<\/p>\n\n\n\n<p>Os supostos pagamentos reparados pelo doleiro Alberto Youssef, seu auxiliar, Rafael \u00c2ngulo e pelo dono da construtora UTC, Ricardo Pessoa, foram feitos entre 2010 e 2014.<\/p>\n","protected":false},"excerpt":{"rendered":"<p>Come\u00e7ou h\u00e1 pouco o depoimento do senador Fernando Collor de Mello (PROS-AL) no Supremo Tribunal Federal (STF). O parlamentar \u00e9 r\u00e9u desde 2017, quando a&hellip; <\/p>\n","protected":false},"author":1,"featured_media":84486,"comment_status":"closed","ping_status":"closed","sticky":false,"template":"","format":"standard","meta":{"sfsi_plus_gutenberg_text_before_share":"","sfsi_plus_gutenberg_show_text_before_share":"","sfsi_plus_gutenberg_icon_type":"","sfsi_plus_gutenberg_icon_alignemt":"","sfsi_plus_gutenburg_max_per_row":"","footnotes":""},"categories":[11],"tags":[],"class_list":["post-84485","post","type-post","status-publish","format-standard","has-post-thumbnail","hentry","category-politica"],"_links":{"self":[{"href":"https:\/\/www.caririemacao.com\/1\/wp-json\/wp\/v2\/posts\/84485","targetHints":{"allow":["GET"]}}],"collection":[{"href":"https:\/\/www.caririemacao.com\/1\/wp-json\/wp\/v2\/posts"}],"about":[{"href":"https:\/\/www.caririemacao.com\/1\/wp-json\/wp\/v2\/types\/post"}],"author":[{"embeddable":true,"href":"https:\/\/www.caririemacao.com\/1\/wp-json\/wp\/v2\/users\/1"}],"replies":[{"embeddable":true,"href":"https:\/\/www.caririemacao.com\/1\/wp-json\/wp\/v2\/comments?post=84485"}],"version-history":[{"count":1,"href":"https:\/\/www.caririemacao.com\/1\/wp-json\/wp\/v2\/posts\/84485\/revisions"}],"predecessor-version":[{"id":84487,"href":"https:\/\/www.caririemacao.com\/1\/wp-json\/wp\/v2\/posts\/84485\/revisions\/84487"}],"wp:featuredmedia":[{"embeddable":true,"href":"https:\/\/www.caririemacao.com\/1\/wp-json\/wp\/v2\/media\/84486"}],"wp:attachment":[{"href":"https:\/\/www.caririemacao.com\/1\/wp-json\/wp\/v2\/media?parent=84485"}],"wp:term":[{"taxonomy":"category","embeddable":true,"href":"https:\/\/www.caririemacao.com\/1\/wp-json\/wp\/v2\/categories?post=84485"},{"taxonomy":"post_tag","embeddable":true,"href":"https:\/\/www.caririemacao.com\/1\/wp-json\/wp\/v2\/tags?post=84485"}],"curies":[{"name":"wp","href":"https:\/\/api.w.org\/{rel}","templated":true}]}}