{"id":84488,"date":"2019-02-13T10:25:27","date_gmt":"2019-02-13T13:25:27","guid":{"rendered":"http:\/\/www.caririemacao.com\/1\/?p=84488"},"modified":"2019-02-13T10:25:29","modified_gmt":"2019-02-13T13:25:29","slug":"bolsonaro-aumenta-pressao-sobre-ministro-por-caso-dos-laranjas-do-psl","status":"publish","type":"post","link":"https:\/\/www.caririemacao.com\/1\/2019\/02\/13\/bolsonaro-aumenta-pressao-sobre-ministro-por-caso-dos-laranjas-do-psl\/","title":{"rendered":"Bolsonaro aumenta press\u00e3o sobre ministro por caso dos laranjas do PSL"},"content":{"rendered":"\n<p>Jair Bolsonaro responsabilizou o ministro Gustavo Bebianno (Secretaria-Geral da Presid\u00eancia) pela escalada da crise envolvendo a revela\u00e7\u00e3o de\u00a0candidaturas laranjas bancadas pelo partido de ambos, o PSL.<\/p>\n\n\n\n<p>O presidente quer uma solu\u00e7\u00e3o r\u00e1pida para o caso, discutiu com o ministro e o fez cancelar agendas, o que aumentou a press\u00e3o entre aliados para que Bebianno pe\u00e7a para sair do governo.<\/p>\n\n\n\n<p>O cerco sobre Bebianno surgiu com a s\u00e9rie de reportagens da Folha de S.Paulo mostrando que o partido do presidente, que era dirigido pelo hoje ministro durante a campanha eleitoral, destinou verbas milion\u00e1rias do Fundo Partid\u00e1rio para candidatas com vota\u00e7\u00f5es insignificantes a deputado federal pelo pa\u00eds.<\/p>\n\n\n\n<p>Al\u00e9m disso, elas justificaram os gastos com empresas suspeitas de serem fantasmas ou ligadas a dirigentes do PSL, como o hoje ministro do Turismo Marcelo \u00c1lvaro Ant\u00f4nio.<\/p>\n\n\n\n<p>Internado em S\u00e3o Paulo para recuperar-se da terceira cirurgia decorrente do atentado que sofreu em setembro, Bolsonaro mostrou especial contrariedade com a reportagem do jornal do domingo (10), em que uma candidata com 274 votos amealhou o terceiro maior naco de verba p\u00fablica destinada aos postulantes do PSL no Brasil. A Pol\u00edcia Federal investiga o caso.<\/p>\n\n\n\n<p>Demonstrando irrita\u00e7\u00e3o a assessores, o presidente discutiu o caso com Bebianno, que vem tentando empurrar a responsabilidade para o ent\u00e3o presidente licenciado da sigla, o deputado federal Luciano Bivar (PSL-PE), que \u00e9 o dono do PSL e patrono da candidata dos 274 votos.<\/p>\n\n\n\n<p>Dois generais que trabalham sob a al\u00e7ada do ministro, mas s\u00e3o vistos pela ala militar do governo como garantidores do funcionamento da secretaria, foram informados da situa\u00e7\u00e3o. S\u00e3o eles Floriano Peixoto e Maynard Santa Rosa, este visto por observadores do Planalto como um candidato natural a substituir Bebianno caso o ministro pe\u00e7a demiss\u00e3o.<\/p>\n\n\n\n<p>Um militar que os conhece bem aposta, contudo, que eles trabalhar\u00e3o para tentar amainar a crise e evitar uma baixa expressiva no governo. Conhecido pelo estilo arestoso, Bebianno tem se destacado por not\u00e1vel tranquilidade no cargo, a que aliados creditam ao conv\u00edvio com os generais -e seus conselhos.<\/p>\n\n\n\n<p>Nesta ter\u00e7a (12), a not\u00edcia publicada pelo jornal O Estado de S. Paulo de que Bebianno levaria dois ministros para discutir obras na regi\u00e3o amaz\u00f4nica tamb\u00e9m desagradou o presidente, que determinou o cancelamento da viagem que ocorreria nesta quarta (13).<\/p>\n\n\n\n<p>Oficialmente, Bebianno informou por meio de sua assessoria que a ida ao Par\u00e1 foi suspensa porque Bolsonaro requisitou que todos os ministros com assento no Planalto estejam em Bras\u00edlia no dia de sua volta \u00e0 capital -o presidente deve deixar S\u00e3o Paulo, onde est\u00e1 internado desde o dia 27 de janeiro, na tarde desta quarta.<\/p>\n\n\n\n<p>A tens\u00e3o entre presidente e ministro levou tamb\u00e9m ao cancelamento, por ordem de Bolsonaro, de agendas de Bebianno ao longo do dia -em especial uma reuni\u00e3o marcada com o vice-presidente de Rela\u00e7\u00f5es Institucionais da Rede Globo, emissora que \u00e9 vista pelo n\u00facleo familiar do mandat\u00e1rio como hostil ao governo. Al\u00e9m do encontro com Paulo Tonet Camargo, foi cancelado tamb\u00e9m conversa com o presidente da Federa\u00e7\u00e3o Brasileira de Bancos, Murilo Portugal.<\/p>\n\n\n\n<p>Bebianno \u00e9 uma figura pol\u00eamica. Advogado de Bolsonaro, ele aproximou-se bastante do presidente durante sua interna\u00e7\u00e3o ap\u00f3s o atentado, quando passou a controlar toda sua agenda. Se n\u00e3o \u00e9 um desafeto, tem rela\u00e7\u00e3o conflituosa com os filhos do presidente, especialmente o deputado federal Eduardo (PSL-SP) e o vereador carioca Carlos (PSC).<\/p>\n\n\n\n<p>Durante a transi\u00e7\u00e3o, fam\u00edlia e dirigente se estranharam na forma\u00e7\u00e3o da \u00e1rea de comunica\u00e7\u00e3o do governo, que acabou ficando com um indicado por Eduardo, seu ex-assessor Floriano Barbosa. Ele foi colocado na chefia da Secretaria de Comunica\u00e7\u00e3o da Presid\u00eancia, que foi retirada do guarda-chuva de Bebianno e transferida para o do ministro Carlos Alberto dos Santos Cruz (Secretaria de Governo).<\/p>\n\n\n\n<p>FolhaPress<\/p>\n","protected":false},"excerpt":{"rendered":"<p>Jair Bolsonaro responsabilizou o ministro Gustavo Bebianno (Secretaria-Geral da Presid\u00eancia) pela escalada da crise envolvendo a revela\u00e7\u00e3o de\u00a0candidaturas laranjas bancadas pelo partido de ambos, o&hellip; <\/p>\n","protected":false},"author":1,"featured_media":84489,"comment_status":"closed","ping_status":"closed","sticky":false,"template":"","format":"standard","meta":{"sfsi_plus_gutenberg_text_before_share":"","sfsi_plus_gutenberg_show_text_before_share":"","sfsi_plus_gutenberg_icon_type":"","sfsi_plus_gutenberg_icon_alignemt":"","sfsi_plus_gutenburg_max_per_row":"","footnotes":""},"categories":[50,11],"tags":[],"class_list":["post-84488","post","type-post","status-publish","format-standard","has-post-thumbnail","hentry","category-destaque","category-politica"],"_links":{"self":[{"href":"https:\/\/www.caririemacao.com\/1\/wp-json\/wp\/v2\/posts\/84488","targetHints":{"allow":["GET"]}}],"collection":[{"href":"https:\/\/www.caririemacao.com\/1\/wp-json\/wp\/v2\/posts"}],"about":[{"href":"https:\/\/www.caririemacao.com\/1\/wp-json\/wp\/v2\/types\/post"}],"author":[{"embeddable":true,"href":"https:\/\/www.caririemacao.com\/1\/wp-json\/wp\/v2\/users\/1"}],"replies":[{"embeddable":true,"href":"https:\/\/www.caririemacao.com\/1\/wp-json\/wp\/v2\/comments?post=84488"}],"version-history":[{"count":1,"href":"https:\/\/www.caririemacao.com\/1\/wp-json\/wp\/v2\/posts\/84488\/revisions"}],"predecessor-version":[{"id":84490,"href":"https:\/\/www.caririemacao.com\/1\/wp-json\/wp\/v2\/posts\/84488\/revisions\/84490"}],"wp:featuredmedia":[{"embeddable":true,"href":"https:\/\/www.caririemacao.com\/1\/wp-json\/wp\/v2\/media\/84489"}],"wp:attachment":[{"href":"https:\/\/www.caririemacao.com\/1\/wp-json\/wp\/v2\/media?parent=84488"}],"wp:term":[{"taxonomy":"category","embeddable":true,"href":"https:\/\/www.caririemacao.com\/1\/wp-json\/wp\/v2\/categories?post=84488"},{"taxonomy":"post_tag","embeddable":true,"href":"https:\/\/www.caririemacao.com\/1\/wp-json\/wp\/v2\/tags?post=84488"}],"curies":[{"name":"wp","href":"https:\/\/api.w.org\/{rel}","templated":true}]}}