{"id":84493,"date":"2019-02-13T10:26:24","date_gmt":"2019-02-13T13:26:24","guid":{"rendered":"http:\/\/www.caririemacao.com\/1\/?p=84493"},"modified":"2019-02-13T10:26:26","modified_gmt":"2019-02-13T13:26:26","slug":"bolsonaro-deve-receber-alta-no-inicio-da-tarde-de-hoje","status":"publish","type":"post","link":"https:\/\/www.caririemacao.com\/1\/2019\/02\/13\/bolsonaro-deve-receber-alta-no-inicio-da-tarde-de-hoje\/","title":{"rendered":"Bolsonaro deve receber alta no in\u00edcio da tarde de hoje"},"content":{"rendered":"\n<p><br>O presidente Jair Bolsonaro deve receber alta hoje (13) e deixar o Hospital Albert Einstein, na capital paulista, no in\u00edcio da tarde, informou o vice-presidente Hamilton Mour\u00e3o. Ele entra hoje no d\u00e9cimo oitavo dia de interna\u00e7\u00e3o.<\/p>\n\n\n\n<figure class=\"wp-block-image\"><img decoding=\"async\" data-src=\"https:\/\/paraibaonline.com.br\/wp-content\/uploads\/2019\/02\/bolsonaro-nova.jpg\" alt=\"Foto: arquivo pessoal\" class=\"wp-image-577670 lazyload\" src=\"data:image\/svg+xml;base64,PHN2ZyB3aWR0aD0iMSIgaGVpZ2h0PSIxIiB4bWxucz0iaHR0cDovL3d3dy53My5vcmcvMjAwMC9zdmciPjwvc3ZnPg==\" \/><\/figure>\n\n\n\n<p>Foto: Instagram\/Bolsonaro<\/p>\n\n\n\n<p>Segundo a assessoria de imprensa da Presid\u00eancia, o presidente acordou bem e comeu, no caf\u00e9 da manh\u00e3, um minip\u00e3o franc\u00eas, dois biscoitos de \u00e1gua e sal e uma fruta cozida.<\/p>\n\n\n\n<p>Segundo o \u00faltimo boletim m\u00e9dico, de ontem \u00e0 noite, o presidente mant\u00e9m boa evolu\u00e7\u00e3o cl\u00ednica, est\u00e1 afebril, sem dor abdominal e com o quadro pulmonar em resolu\u00e7\u00e3o.<\/p>\n\n\n\n<p>Bolsonaro est\u00e1 internado desde o dia 27 de janeiro, para a retirada da bolsa de colostomia e reconstru\u00e7\u00e3o do tr\u00e2nsito intestinal.<\/p>\n\n\n\n<ul class=\"wp-block-list\"><li><\/li><li><\/li><li><\/li><li><\/li><\/ul>\n","protected":false},"excerpt":{"rendered":"<p>O presidente Jair Bolsonaro deve receber alta hoje (13) e deixar o Hospital Albert Einstein, na capital paulista, no in\u00edcio da tarde, informou o vice-presidente&hellip; <\/p>\n","protected":false},"author":1,"featured_media":84494,"comment_status":"closed","ping_status":"closed","sticky":false,"template":"","format":"standard","meta":{"sfsi_plus_gutenberg_text_before_share":"","sfsi_plus_gutenberg_show_text_before_share":"","sfsi_plus_gutenberg_icon_type":"","sfsi_plus_gutenberg_icon_alignemt":"","sfsi_plus_gutenburg_max_per_row":"","footnotes":""},"categories":[11],"tags":[],"class_list":["post-84493","post","type-post","status-publish","format-standard","has-post-thumbnail","hentry","category-politica"],"_links":{"self":[{"href":"https:\/\/www.caririemacao.com\/1\/wp-json\/wp\/v2\/posts\/84493","targetHints":{"allow":["GET"]}}],"collection":[{"href":"https:\/\/www.caririemacao.com\/1\/wp-json\/wp\/v2\/posts"}],"about":[{"href":"https:\/\/www.caririemacao.com\/1\/wp-json\/wp\/v2\/types\/post"}],"author":[{"embeddable":true,"href":"https:\/\/www.caririemacao.com\/1\/wp-json\/wp\/v2\/users\/1"}],"replies":[{"embeddable":true,"href":"https:\/\/www.caririemacao.com\/1\/wp-json\/wp\/v2\/comments?post=84493"}],"version-history":[{"count":1,"href":"https:\/\/www.caririemacao.com\/1\/wp-json\/wp\/v2\/posts\/84493\/revisions"}],"predecessor-version":[{"id":84495,"href":"https:\/\/www.caririemacao.com\/1\/wp-json\/wp\/v2\/posts\/84493\/revisions\/84495"}],"wp:featuredmedia":[{"embeddable":true,"href":"https:\/\/www.caririemacao.com\/1\/wp-json\/wp\/v2\/media\/84494"}],"wp:attachment":[{"href":"https:\/\/www.caririemacao.com\/1\/wp-json\/wp\/v2\/media?parent=84493"}],"wp:term":[{"taxonomy":"category","embeddable":true,"href":"https:\/\/www.caririemacao.com\/1\/wp-json\/wp\/v2\/categories?post=84493"},{"taxonomy":"post_tag","embeddable":true,"href":"https:\/\/www.caririemacao.com\/1\/wp-json\/wp\/v2\/tags?post=84493"}],"curies":[{"name":"wp","href":"https:\/\/api.w.org\/{rel}","templated":true}]}}