{"id":84501,"date":"2019-02-13T10:32:29","date_gmt":"2019-02-13T13:32:29","guid":{"rendered":"http:\/\/www.caririemacao.com\/1\/?p=84501"},"modified":"2019-02-13T10:32:32","modified_gmt":"2019-02-13T13:32:32","slug":"vendas-do-comercio-sobem-23-em-2018-e-tem-maior-alta-em-5-anos-diz-ibge","status":"publish","type":"post","link":"https:\/\/www.caririemacao.com\/1\/2019\/02\/13\/vendas-do-comercio-sobem-23-em-2018-e-tem-maior-alta-em-5-anos-diz-ibge\/","title":{"rendered":"Vendas do com\u00e9rcio sobem 2,3% em 2018 e t\u00eam maior alta em 5 anos, diz IBGE"},"content":{"rendered":"\n<p>As vendas do com\u00e9rcio varejista brasileiro registraram alta de 2,3% no ano passado, informou nesta quarta-feira (13) o Instituto Brasileiro de Geografia e Estat\u00edstica (IBGE). Foi a maior alta do indicador em cinco anos.<\/p>\n\n\n\n<p>&#8220;Desde 2013, quando acumulou alta de 4,3%, o com\u00e9rcio n\u00e3o tinha desempenho t\u00e3o elevado&#8221;, afirmou Isabella Nunes, gerente da pesquisa.<\/p>\n\n\n\n<p>&#8220;Apesar do resultado expressivo, as duas altas seguidas [2,1% em 2017 e 2,3% em 2018] n\u00e3o foram suficientes para compensar as perdas de 2015 e 2016. O setor ainda est\u00e1 7% abaixo do patamar em que operava em 2014&#8221;, destacou.<\/p>\n\n\n\n<p>Ou seja, o crescimento acumulado de 4,4% nos \u00faltimos dois anos n\u00e3o recuperou a queda de 10,3% em 2015 e 2016.Resultado anual das vendas do varejoAlta registrada em 2018 \u00e9 a maior em cinco anos% sobre o ano anterior201020112012201320142015201620172018-10-5051015Fonte: IBGE<\/p>\n\n\n\n<p>Apesar do crescimento no acumulado no ano, as vendas perderam f\u00f4lego no segundo semestre, de acordo com Isabella, por causa da alta do d\u00f3lar, incertezas diante do per\u00edodo eleitoral e recupera\u00e7\u00e3o da greve dos caminhoneiros.<\/p>\n\n\n\n<h2 class=\"wp-block-heading\">Queda em dezembro<\/h2>\n\n\n\n<p>Em dezembro de 2018, o com\u00e9rcio varejista nacional caiu 2,2% frente a novembro, na s\u00e9rie com ajuste sazonal, descontando grande parte do avan\u00e7o de 3,1% registrado no m\u00eas anterior. Em rela\u00e7\u00e3o a dezembro de 2017, o volume de vendas cresceu 0,6%.<\/p>\n\n\n\n<p>Segundo Isabella, do IBGE, foi o pior resultado mensal desde janeiro de 2016, quando o volume de vendas do com\u00e9rcio varejista caiu 2,5%.<\/p>\n\n\n\n<p>A pesquisadora destacou ainda que foi o pior dezembro da s\u00e9rie hist\u00f3rica da pesquisa, iniciada em 2001, na compara\u00e7\u00e3o com o m\u00eas imediatamente anterior.Vendas do com\u00e9rcio m\u00eas a m\u00easEm %0,50,5-0,1-0,10,90,90,70,7-0,8-0,8-0,4-0,4-0,2-0,21,71,7-0,7-0,7-0,9-0,93,13,1-2,2-2,2Jan\/18Fev\/18Mar\/18Abr\/18Mai\/18Jun\/18Jul\/18Ago\/18Set\/18Out\/18Nov\/18Dez\/18-3-2-101234Fonte: IBGE<\/p>\n\n\n\n<p>A pesquisadora do IBGE ponderou que o forte resultado negativo de dezembro ocorreu por causa da base de compara\u00e7\u00e3o. Em novembro, o com\u00e9rcio avan\u00e7ou 3,1% &#8211; a maior taxa mensal de toda a s\u00e9rie hist\u00f3rica da pesquisa. \u201cEssa taxa de dezembro foi impulsionada fortemente pelas promo\u00e7\u00f5es da Black Friday, que fizeram novembro ter um resultado muito elevado\u201d, explicou.<\/p>\n\n\n\n<p>Os recuos que mais influenciaram o resultado de dezembro vieram de outros artigos de uso pessoal e dom\u00e9stico (-13,1%), m\u00f3veis e eletrodom\u00e9sticos (-5,1%) e tecidos, vestu\u00e1rio e cal\u00e7ados (-3,7%), segmentos que tiveram altas acentuadas em novembro (8,3%, 4,2% e 1,7%, respectivamente) por causa da Black Friday.<\/p>\n\n\n\n<p>Isabella lembrou que dezembro sempre foi o m\u00eas mais forte para o com\u00e9rcio por conta das compras de fim de ano, que trazem receita superior \u00e0 dos outros meses, mas a Black Friday come\u00e7ou a mudar o cen\u00e1rio.<\/p>\n\n\n\n<p>\u201cAno ap\u00f3s ano, os patamares de novembro e dezembro v\u00eam se aproximando. Isso fica mais evidente quanto a gente observa individualmente as atividades do com\u00e9rcio. As vendas de outros artigos de uso dom\u00e9stico e pessoal, m\u00f3veis e eletrodom\u00e9sticos s\u00e3o as que mais crescem em novembro desde o in\u00edcio desta promo\u00e7\u00e3o anual\u201d, destacou.<\/p>\n\n\n\n<h2 class=\"wp-block-heading\">Com\u00e9rcio ampliado<\/h2>\n\n\n\n<p>No com\u00e9rcio varejista ampliado, que inclui as atividades de ve\u00edculos, motos, partes e pe\u00e7as e de material de constru\u00e7\u00e3o, a queda foi de 1,7% em rela\u00e7\u00e3o a novembro. Frente a dezembro de 2017, o volume de vendas subiu 1,8%, na 20\u00aa taxa positiva seguida.<\/p>\n\n\n\n<p>O acumulado no ano teve alta de 5%, 19\u00aa taxa positiva seguida, por\u00e9m, mostrando perda de ritmo desde abril de 2018, quando a expans\u00e3o foi de 7%.<\/p>\n\n\n\n<h2 class=\"wp-block-heading\">Desempenho por segmento<\/h2>\n\n\n\n<p>Tr\u00eas das oito atividades do varejo exerceram o maior impacto no com\u00e9rcio varejista em 2018: hipermercados, supermercados, produtos aliment\u00edcios, bebidas e fumo (3,8%), seguida por outros artigos de uso pessoal e dom\u00e9stico (7,6%) e artigos farmac\u00eauticos, m\u00e9dicos, ortop\u00e9dicos, de perfumaria e cosm\u00e9ticos (5,9%). Por outro lado, combust\u00edveis e lubrificantes (-5%) exerceu o maior impacto negativo.<\/p>\n\n\n\n<p>J\u00e1 no com\u00e9rcio varejista ampliado, o bom desempenho de 2018 foi influenciado, principalmente, pela\u00a0atividade de ve\u00edculos, motos, partes e pe\u00e7as, com alta de 15,1%\u00a0&#8211; maior taxa desde 2007, quando cresceu 22,6%. O segmento registrou taxa de um d\u00edgito somente maio e dezembro, respectivamente, de 2,1% e 7,8%.<\/p>\n\n\n\n<p>Segundo a pesquisadora, dois fatores t\u00eam rela\u00e7\u00e3o direta com a alta expressiva na venda de ve\u00edculos: melhores condi\u00e7\u00f5es de financiamento e redu\u00e7\u00e3o de 30% de impostos sobre carros importados.<\/p>\n\n\n\n<p>\u201cVe\u00edculos come\u00e7a o ano apresentando taxas de dois d\u00edgitos. Em janeiro teve fim o Inovar Auto, programa que sobretaxava ve\u00edculos importados\u201d, apontou. \u201cVale lembrar que ve\u00edculos \u00e9 uma atividade que responde bem a qualquer redu\u00e7\u00e3o tribut\u00e1ria\u201d, destacou Isabella.<\/p>\n\n\n\n<p>A pesquisadora ressalvou que, apesar de se tratar da maior alta em 11 anos, o segmento de ve\u00edculos ainda se encontra num patamar de vendas 34,2% abaixo do pico hist\u00f3rico, registrado em junho de 2012.<\/p>\n\n\n\n<p>J\u00e1 o segmento de material de constru\u00e7\u00e3o fechou o ano de 2018 acumulando varia\u00e7\u00e3o de 3,5%, por\u00e9m, com perda de ritmo em rela\u00e7\u00e3o ao acumulado at\u00e9 novembro (3,9%). Veja abaixo:<\/p>\n\n\n\n<p><strong>Veja o desempenho de cada segmento no ano de 2018:<\/strong><\/p>\n\n\n\n<ul class=\"wp-block-list\"><li>Ve\u00edculos, motos, partes e pe\u00e7as: 15,1%<\/li><li>Outros artigos de uso pessoal e dom\u00e9stico: 7,6%<\/li><li>Artigos farmac\u00eauticos, m\u00e9dicos, ortop\u00e9dicos e de perfumaria: 5,9%<\/li><li>Hipermercados, supermercados, produtos aliment\u00edcios, bebidas e fumo: 3,8%<\/li><li>Material de constru\u00e7\u00e3o: 3,5%<\/li><li>Tecidos, vestu\u00e1rio e cal\u00e7ados: 1,7%<\/li><li>Equipamentos e material para escrit\u00f3rio, inform\u00e1tica e comunica\u00e7\u00e3o: 0,1%<\/li><li>M\u00f3veis e eletrodom\u00e9sticos: -1,3%<\/li><li>Combust\u00edveis e lubrificantes: -5%<\/li><li>Livros, jornais, revistas e papelaria: -14,7%<\/li><\/ul>\n\n\n\n<h2 class=\"wp-block-heading\">Por regi\u00f5es<\/h2>\n\n\n\n<p>A queda de novembro para dezembro no com\u00e9rcio varejista foi acompanhada por 26 das 27 unidades da Federa\u00e7\u00e3o, com destaque para o Acre (-12,6%). Apenas a Para\u00edba (0,4%) teve varia\u00e7\u00e3o positiva no volume de vendas.<\/p>\n\n\n\n<p>No caso do com\u00e9rcio varejista ampliado, 23 das 27 unidades da Federa\u00e7\u00e3o mostraram recuo nas vendas, com destaque de novo para o Acre (-7,9%). Por outro lado, Roraima (0,9%), Para\u00edba (0,7%), Minas Gerais (0,2%) e Paran\u00e1 (0,1%) registraram avan\u00e7os.<\/p>\n\n\n\n<h2 class=\"wp-block-heading\">Perspectivas<\/h2>\n\n\n\n<p>Com o desemprego ainda elevado, a economia brasileira tem mostrado um ritmo de recupera\u00e7\u00e3o ainda lento. Segundo levantamento da Funda\u00e7\u00e3o Get\u00falio Vargas (FGV),\u00a0a confian\u00e7a do com\u00e9rcio recuou em janeiro,\u00a0com os empres\u00e1rios otimistas com a evolu\u00e7\u00e3o das vendas nos pr\u00f3ximos meses, mas ainda cautelosos com a situa\u00e7\u00e3o atual da economia. J\u00e1 a\u00a0confian\u00e7a do consumidor avan\u00e7ou para o maior n\u00edvel desde fevereiro de 2014.<\/p>\n\n\n\n<p>A economia brasileira\u00a0avan\u00e7ou 0,8% no 3\u00ba trimestre. Para o ano de 2019, a expectativa \u00e9 de uma\u00a0alta de 2,5% do Produto Interno Bruto (PIB), segundo a mais recente pesquisa Focus realizada pelo Banco Central.<\/p>\n\n\n\n<p>G1<\/p>\n","protected":false},"excerpt":{"rendered":"<p>As vendas do com\u00e9rcio varejista brasileiro registraram alta de 2,3% no ano passado, informou nesta quarta-feira (13) o Instituto Brasileiro de Geografia e Estat\u00edstica (IBGE).&hellip; <\/p>\n","protected":false},"author":1,"featured_media":84502,"comment_status":"closed","ping_status":"closed","sticky":false,"template":"","format":"standard","meta":{"sfsi_plus_gutenberg_text_before_share":"","sfsi_plus_gutenberg_show_text_before_share":"","sfsi_plus_gutenberg_icon_type":"","sfsi_plus_gutenberg_icon_alignemt":"","sfsi_plus_gutenburg_max_per_row":"","footnotes":""},"categories":[2],"tags":[],"class_list":["post-84501","post","type-post","status-publish","format-standard","has-post-thumbnail","hentry","category-geral"],"_links":{"self":[{"href":"https:\/\/www.caririemacao.com\/1\/wp-json\/wp\/v2\/posts\/84501","targetHints":{"allow":["GET"]}}],"collection":[{"href":"https:\/\/www.caririemacao.com\/1\/wp-json\/wp\/v2\/posts"}],"about":[{"href":"https:\/\/www.caririemacao.com\/1\/wp-json\/wp\/v2\/types\/post"}],"author":[{"embeddable":true,"href":"https:\/\/www.caririemacao.com\/1\/wp-json\/wp\/v2\/users\/1"}],"replies":[{"embeddable":true,"href":"https:\/\/www.caririemacao.com\/1\/wp-json\/wp\/v2\/comments?post=84501"}],"version-history":[{"count":1,"href":"https:\/\/www.caririemacao.com\/1\/wp-json\/wp\/v2\/posts\/84501\/revisions"}],"predecessor-version":[{"id":84503,"href":"https:\/\/www.caririemacao.com\/1\/wp-json\/wp\/v2\/posts\/84501\/revisions\/84503"}],"wp:featuredmedia":[{"embeddable":true,"href":"https:\/\/www.caririemacao.com\/1\/wp-json\/wp\/v2\/media\/84502"}],"wp:attachment":[{"href":"https:\/\/www.caririemacao.com\/1\/wp-json\/wp\/v2\/media?parent=84501"}],"wp:term":[{"taxonomy":"category","embeddable":true,"href":"https:\/\/www.caririemacao.com\/1\/wp-json\/wp\/v2\/categories?post=84501"},{"taxonomy":"post_tag","embeddable":true,"href":"https:\/\/www.caririemacao.com\/1\/wp-json\/wp\/v2\/tags?post=84501"}],"curies":[{"name":"wp","href":"https:\/\/api.w.org\/{rel}","templated":true}]}}