{"id":84504,"date":"2019-02-13T10:34:20","date_gmt":"2019-02-13T13:34:20","guid":{"rendered":"http:\/\/www.caririemacao.com\/1\/?p=84504"},"modified":"2019-02-13T11:58:14","modified_gmt":"2019-02-13T14:58:14","slug":"84504","status":"publish","type":"post","link":"https:\/\/www.caririemacao.com\/1\/2019\/02\/13\/84504\/","title":{"rendered":"Minist\u00e9rio diz que todas as vagas do Programa Mais M\u00e9dicos foram escolhidas"},"content":{"rendered":"\n<p>O Minist\u00e9rio da Sa\u00fade informou que, at\u00e9 as 8h40 da manh\u00e3 desta quarta (13), todas as 1.397 vagas remanescentes no Mais M\u00e9dicos haviam sido escolhidas no&nbsp;<a rel=\"noreferrer noopener\" href=\"http:\/\/maismedicos.gov.br\/\" target=\"_blank\">site&nbsp;<\/a>do programa por brasileiros formados no exterior. Os postos eram os \u00faltimos dos 8.517 oferecidos em novembro passado, quando os profissionais cubanos deixaram o pa\u00eds. Eles ter\u00e3o <strong>entre os dias 19 e 22 de fevereiro para se apresentar nos munic\u00edpios.<\/strong><\/p>\n\n\n\n<p>Se todos comparecerem \u00e0s prefeituras, n\u00e3o haver\u00e1 mais oportunidade para que m\u00e9dicos estrangeiros formados fora do Brasil escolham onde atuar,&nbsp;conforme expectativa do governo.&nbsp;Os postos de trabalho abertos estavam distribu\u00eddos em 667 localidades.<\/p>\n\n\n\n<p>As vagas remanescentes foram selecionadas em 40 minutos pelos m\u00e9dicos brasileiros, segundo assessoria do Minist\u00e9rio da Sa\u00fade. Os 3.828 candidatos aptos&nbsp;tinham at\u00e9 as 18h desta quinta-feira&nbsp;(14) para escolherem as cidades de atua\u00e7\u00e3o. Eles poder\u00e3o atuar no Mais M\u00e9dicos&nbsp;mesmo sem a revalida\u00e7\u00e3o do diploma.<\/p>\n\n\n\n<h2 class=\"wp-block-heading\">Etapas anteriores<\/h2>\n\n\n\n<p>De acordo com o \u00faltimo balan\u00e7o de vagas do Minist\u00e9rio da Sa\u00fade, publicado em janeiro, havia 1.460 vagas para serem escolhidas por profissionais formados no exterior nesta quarta (13). No entanto, m\u00e9dicos que n\u00e3o haviam sido aceitos no programa entraram com recurso judicial contra a decis\u00e3o e conseguiram ocupar os postos, segundo assessoria da pasta.<\/p>\n\n\n\n<p>As primeiras fases da sele\u00e7\u00e3o deram prioridade a m\u00e9dicos brasileiros com diploma registrado no Brasil. No final de 2018, Cuba&nbsp;decidiu retirar seus profissionais do pa\u00eds,&nbsp;citando &#8220;refer\u00eancias diretas, depreciativas e amea\u00e7adoras&#8221; feitas pelo presidente&nbsp;Jair Bolsonaro.&nbsp;Cerca de 8,3 mil cubanos atuavam no Mais M\u00e9dicos, que foi criado para levar atendimento a regi\u00f5es remotas do pa\u00eds.<\/p>\n\n\n\n<p>Com&nbsp;o fim do prazo para m\u00e9dicos brasileiros&nbsp;se apresentarem nos munic\u00edpios onde iriam trabalhar, os&nbsp;profissionais formados no exteriorinscritos no programa puderam optar pelas vagas remanescentes.<\/p>\n\n\n\n<h2 class=\"wp-block-heading\">O Mais M\u00e9dicos<\/h2>\n\n\n\n<ul class=\"wp-block-list\"><li>Foi criado em julho de 2013 para ampliar o atendimento m\u00e9dico principalmente em regi\u00f5es mais carentes.<\/li><li>Em agosto de 2013, foi fechado acordo com a Opas para participa\u00e7\u00e3o de m\u00e9dicos cubanos.<\/li><li>Participa\u00e7\u00e3o de brasileiros formados no Brasil aumentou 38% entre 2016 e 2017, de acordo com o Minist\u00e9rio da Sa\u00fade.<\/li><li>Programa tem 18.240 vagas em mais de 4 mil munic\u00edpios e 34 Distritos Sanit\u00e1rios Especiais Ind\u00edgenas (DSEI).<\/li><li>Atende cerca de 63 milh\u00f5es de brasileiros, de acordo com o Minist\u00e9rio da Sa\u00fade.<\/li><li>Participa\u00e7\u00e3o de cubanos no programa tinha sido renovada no in\u00edcio deste ano por mais cinco anos.<\/li><li>Levantamento do governo divulgado em 2016 apontou que o programa \u00e9 respons\u00e1vel por 48% das equipes de Aten\u00e7\u00e3o B\u00e1sica em munic\u00edpios com at\u00e9 10 mil habitantes.<\/li><li>Em 1.100 munic\u00edpios atendido pelo programa, o Mais M\u00e9dicos representava 100% da cobertura de Aten\u00e7\u00e3o B\u00e1sica, de acordo com dados divulgados em 2016.<\/li><\/ul>\n\n\n\n<p>G1<\/p>\n","protected":false},"excerpt":{"rendered":"<p>O Minist\u00e9rio da Sa\u00fade informou que, at\u00e9 as 8h40 da manh\u00e3 desta quarta (13), todas as 1.397 vagas remanescentes no Mais M\u00e9dicos haviam sido escolhidas&hellip; <\/p>\n","protected":false},"author":1,"featured_media":84505,"comment_status":"closed","ping_status":"closed","sticky":false,"template":"","format":"standard","meta":{"sfsi_plus_gutenberg_text_before_share":"","sfsi_plus_gutenberg_show_text_before_share":"","sfsi_plus_gutenberg_icon_type":"","sfsi_plus_gutenberg_icon_alignemt":"","sfsi_plus_gutenburg_max_per_row":"","footnotes":""},"categories":[16],"tags":[],"class_list":["post-84504","post","type-post","status-publish","format-standard","has-post-thumbnail","hentry","category-saude"],"_links":{"self":[{"href":"https:\/\/www.caririemacao.com\/1\/wp-json\/wp\/v2\/posts\/84504","targetHints":{"allow":["GET"]}}],"collection":[{"href":"https:\/\/www.caririemacao.com\/1\/wp-json\/wp\/v2\/posts"}],"about":[{"href":"https:\/\/www.caririemacao.com\/1\/wp-json\/wp\/v2\/types\/post"}],"author":[{"embeddable":true,"href":"https:\/\/www.caririemacao.com\/1\/wp-json\/wp\/v2\/users\/1"}],"replies":[{"embeddable":true,"href":"https:\/\/www.caririemacao.com\/1\/wp-json\/wp\/v2\/comments?post=84504"}],"version-history":[{"count":2,"href":"https:\/\/www.caririemacao.com\/1\/wp-json\/wp\/v2\/posts\/84504\/revisions"}],"predecessor-version":[{"id":84515,"href":"https:\/\/www.caririemacao.com\/1\/wp-json\/wp\/v2\/posts\/84504\/revisions\/84515"}],"wp:featuredmedia":[{"embeddable":true,"href":"https:\/\/www.caririemacao.com\/1\/wp-json\/wp\/v2\/media\/84505"}],"wp:attachment":[{"href":"https:\/\/www.caririemacao.com\/1\/wp-json\/wp\/v2\/media?parent=84504"}],"wp:term":[{"taxonomy":"category","embeddable":true,"href":"https:\/\/www.caririemacao.com\/1\/wp-json\/wp\/v2\/categories?post=84504"},{"taxonomy":"post_tag","embeddable":true,"href":"https:\/\/www.caririemacao.com\/1\/wp-json\/wp\/v2\/tags?post=84504"}],"curies":[{"name":"wp","href":"https:\/\/api.w.org\/{rel}","templated":true}]}}