{"id":84508,"date":"2019-02-13T10:57:38","date_gmt":"2019-02-13T13:57:38","guid":{"rendered":"http:\/\/www.caririemacao.com\/1\/?p=84508"},"modified":"2019-02-13T10:57:40","modified_gmt":"2019-02-13T13:57:40","slug":"prefeitura-de-ouro-velho-emite-nota-de-pesar-pelo-falecimento-do-jovem-felipe","status":"publish","type":"post","link":"https:\/\/www.caririemacao.com\/1\/2019\/02\/13\/prefeitura-de-ouro-velho-emite-nota-de-pesar-pelo-falecimento-do-jovem-felipe\/","title":{"rendered":"Prefeitura de Ouro Velho emite Nota de Pesar pelo falecimento do jovem Felipe"},"content":{"rendered":"\n<p>Em nome da Prefeitura Municipal de Ouro Velho, a prefeita\nNat\u00e1lia Lira e o vice-prefeito, Fl\u00e1vio Henrique, se solidarizam com a fam\u00edlia e\namigos pelo falecimento do jovem Felipe Juarez, mais conhecido como Felipe\nBatera, ocorrido na madrugada desta quarta-feira (13) no Hospital de Trauma, em\nCampina Grande\/PB.<\/p>\n\n\n\n<p>\u201cNeste momento de dor, nos solidarizamos com seus familiares\nratificando nosso voto de pesar pelo falecimento de forma precoce do jovem ourovelhense\nFelipe Juarez\u201d, lamentaram a prefeita e o vice-prefeito.<\/p>\n","protected":false},"excerpt":{"rendered":"<p>Em nome da Prefeitura Municipal de Ouro Velho, a prefeita Nat\u00e1lia Lira e o vice-prefeito, Fl\u00e1vio Henrique, se solidarizam com a fam\u00edlia e amigos pelo&hellip; <\/p>\n","protected":false},"author":2,"featured_media":84509,"comment_status":"closed","ping_status":"closed","sticky":false,"template":"","format":"standard","meta":{"sfsi_plus_gutenberg_text_before_share":"","sfsi_plus_gutenberg_show_text_before_share":"","sfsi_plus_gutenberg_icon_type":"","sfsi_plus_gutenberg_icon_alignemt":"","sfsi_plus_gutenburg_max_per_row":"","footnotes":""},"categories":[2],"tags":[],"class_list":["post-84508","post","type-post","status-publish","format-standard","has-post-thumbnail","hentry","category-geral"],"_links":{"self":[{"href":"https:\/\/www.caririemacao.com\/1\/wp-json\/wp\/v2\/posts\/84508","targetHints":{"allow":["GET"]}}],"collection":[{"href":"https:\/\/www.caririemacao.com\/1\/wp-json\/wp\/v2\/posts"}],"about":[{"href":"https:\/\/www.caririemacao.com\/1\/wp-json\/wp\/v2\/types\/post"}],"author":[{"embeddable":true,"href":"https:\/\/www.caririemacao.com\/1\/wp-json\/wp\/v2\/users\/2"}],"replies":[{"embeddable":true,"href":"https:\/\/www.caririemacao.com\/1\/wp-json\/wp\/v2\/comments?post=84508"}],"version-history":[{"count":2,"href":"https:\/\/www.caririemacao.com\/1\/wp-json\/wp\/v2\/posts\/84508\/revisions"}],"predecessor-version":[{"id":84511,"href":"https:\/\/www.caririemacao.com\/1\/wp-json\/wp\/v2\/posts\/84508\/revisions\/84511"}],"wp:featuredmedia":[{"embeddable":true,"href":"https:\/\/www.caririemacao.com\/1\/wp-json\/wp\/v2\/media\/84509"}],"wp:attachment":[{"href":"https:\/\/www.caririemacao.com\/1\/wp-json\/wp\/v2\/media?parent=84508"}],"wp:term":[{"taxonomy":"category","embeddable":true,"href":"https:\/\/www.caririemacao.com\/1\/wp-json\/wp\/v2\/categories?post=84508"},{"taxonomy":"post_tag","embeddable":true,"href":"https:\/\/www.caririemacao.com\/1\/wp-json\/wp\/v2\/tags?post=84508"}],"curies":[{"name":"wp","href":"https:\/\/api.w.org\/{rel}","templated":true}]}}