{"id":84533,"date":"2019-02-13T12:07:41","date_gmt":"2019-02-13T15:07:41","guid":{"rendered":"http:\/\/www.caririemacao.com\/1\/?p=84533"},"modified":"2019-02-13T12:07:43","modified_gmt":"2019-02-13T15:07:43","slug":"tjpb-manda-ex-prefeito-devolver-r-318-mil-e-suspende-direitos-politicos","status":"publish","type":"post","link":"https:\/\/www.caririemacao.com\/1\/2019\/02\/13\/tjpb-manda-ex-prefeito-devolver-r-318-mil-e-suspende-direitos-politicos\/","title":{"rendered":"TJPB manda ex-prefeito devolver R$ 318 mil e suspende direitos pol\u00edticos"},"content":{"rendered":"\n<p>O Tribunal de Justi\u00e7a da Para\u00edba exigiu que o ex-prefeito de Duas Estradas, Roberto Carlos Nunes, devolva &nbsp;aos cofres p\u00fablicos a quantia de R$ 318.374,55 mil, al\u00e9m de pagar uma multa correspondente a 40 vezes o valor da remunera\u00e7\u00e3o recebida por ele, durante o per\u00edodo em que encerrou o mandato.<\/p>\n\n\n\n<p>A decis\u00e3o foi tomada nesta ter\u00e7a-feira (12) pelos membros da Primeira C\u00e2mara C\u00edvel do Tribunal de Justi\u00e7a da Para\u00edba por gasto indevido do dinheiro p\u00fablico.Al\u00e9m da devolu\u00e7\u00e3o do valor gasto indevidamente e do pagamento da multa, por ter sido comprovado o ato de improbidade administrativa, o ex-gestor da cidade tamb\u00e9m teve os direitos pol\u00edticos suspensos por oito anos, est\u00e1 proibido de estabelecer contrata\u00e7\u00f5es com o Poder P\u00fablico e de receber benef\u00edcios provenientes da administra\u00e7\u00e3o.<\/p>\n\n\n\n<p>De acordo com o relat\u00f3rio do TCE-PB, Roberto teria cometido irregularidades como a diverg\u00eancia entre informativos da presta\u00e7\u00e3o de contas anual, despesas n\u00e3o licitadas, ind\u00edcios de fraude em licita\u00e7\u00f5es, excesso de despesas em di\u00e1rias pagas ao prefeito e a contrata\u00e7\u00e3o irregular de servidores.<\/p>\n\n\n\n<p>Em sua defesa, o ex-prefeito Roberto Carlos alegou que n\u00e3o h\u00e1 provas que indiquem que ele tenha cometido o crime, mas que apresentava inabilidades para exercer a condu\u00e7\u00e3o da gest\u00e3o municipal. Ao manter a decis\u00e3o, o desembargador Ricardo Porto ressaltou que a senten\u00e7a n\u00e3o merece nenhum retoque.<\/p>\n\n\n\n<p><strong>Com G1 Para\u00edba<\/strong><\/p>\n","protected":false},"excerpt":{"rendered":"<p>O Tribunal de Justi\u00e7a da Para\u00edba exigiu que o ex-prefeito de Duas Estradas, Roberto Carlos Nunes, devolva &nbsp;aos cofres p\u00fablicos a quantia de R$ 318.374,55&hellip; <\/p>\n","protected":false},"author":1,"featured_media":24269,"comment_status":"closed","ping_status":"closed","sticky":false,"template":"","format":"standard","meta":{"sfsi_plus_gutenberg_text_before_share":"","sfsi_plus_gutenberg_show_text_before_share":"","sfsi_plus_gutenberg_icon_type":"","sfsi_plus_gutenberg_icon_alignemt":"","sfsi_plus_gutenburg_max_per_row":"","footnotes":""},"categories":[11],"tags":[],"class_list":["post-84533","post","type-post","status-publish","format-standard","has-post-thumbnail","hentry","category-politica"],"_links":{"self":[{"href":"https:\/\/www.caririemacao.com\/1\/wp-json\/wp\/v2\/posts\/84533","targetHints":{"allow":["GET"]}}],"collection":[{"href":"https:\/\/www.caririemacao.com\/1\/wp-json\/wp\/v2\/posts"}],"about":[{"href":"https:\/\/www.caririemacao.com\/1\/wp-json\/wp\/v2\/types\/post"}],"author":[{"embeddable":true,"href":"https:\/\/www.caririemacao.com\/1\/wp-json\/wp\/v2\/users\/1"}],"replies":[{"embeddable":true,"href":"https:\/\/www.caririemacao.com\/1\/wp-json\/wp\/v2\/comments?post=84533"}],"version-history":[{"count":1,"href":"https:\/\/www.caririemacao.com\/1\/wp-json\/wp\/v2\/posts\/84533\/revisions"}],"predecessor-version":[{"id":84534,"href":"https:\/\/www.caririemacao.com\/1\/wp-json\/wp\/v2\/posts\/84533\/revisions\/84534"}],"wp:featuredmedia":[{"embeddable":true,"href":"https:\/\/www.caririemacao.com\/1\/wp-json\/wp\/v2\/media\/24269"}],"wp:attachment":[{"href":"https:\/\/www.caririemacao.com\/1\/wp-json\/wp\/v2\/media?parent=84533"}],"wp:term":[{"taxonomy":"category","embeddable":true,"href":"https:\/\/www.caririemacao.com\/1\/wp-json\/wp\/v2\/categories?post=84533"},{"taxonomy":"post_tag","embeddable":true,"href":"https:\/\/www.caririemacao.com\/1\/wp-json\/wp\/v2\/tags?post=84533"}],"curies":[{"name":"wp","href":"https:\/\/api.w.org\/{rel}","templated":true}]}}