{"id":86285,"date":"2019-02-22T13:45:05","date_gmt":"2019-02-22T16:45:05","guid":{"rendered":"http:\/\/www.caririemacao.com\/1\/?p=86285"},"modified":"2019-02-22T13:45:07","modified_gmt":"2019-02-22T16:45:07","slug":"sume-em-2019-e-monteiro-2020-afirma-secretario-sobre-plenarias-do-orcamento-democratico","status":"publish","type":"post","link":"https:\/\/www.caririemacao.com\/1\/2019\/02\/22\/sume-em-2019-e-monteiro-2020-afirma-secretario-sobre-plenarias-do-orcamento-democratico\/","title":{"rendered":"Sum\u00e9 em 2019 e Monteiro 2020, afirma secret\u00e1rio sobre plen\u00e1rias do Or\u00e7amento Democr\u00e1tico"},"content":{"rendered":"\n<p>A prefeita de Monteiro, Anna Lorena, aliada de Jo\u00e3o Azev\u00eado e gestora da maior cidade do Cariri, sugeriu ao governador o revezamento das plen\u00e1rias do Or\u00e7amento Democr\u00e1tico entre os munic\u00edpios de Monteiro, Sum\u00e9 e Serra Branca.<\/p>\n\n\n\n<p>A proposta de Lorena era levar j\u00e1 agora, em 2019, a plen\u00e1ria para Monteiro, alegando que a cidade \u00e9 o maior munic\u00edpio em \u00e1rea territorial da Para\u00edba e \u00e9 &nbsp;p\u00f3lo da regi\u00e3o do Cariri paraibano.<\/p>\n\n\n\n<p>A solicita\u00e7\u00e3o de Lorena foi atendida, s\u00f3 que para o ano de 2020. O &nbsp;secret\u00e1rio do Or\u00e7amento Democr\u00e1tico, C\u00e9lio Alves, participou de uma reuni\u00e3o com os conselheiros do ODE e com o prefeito Eden Duarte, &nbsp;e confirmou que em 2019, o evento continuar\u00e1 em Sum\u00e9, mas, em 2020, Monteiro sediar\u00e1 as plen\u00e1rias.<\/p>\n\n\n\n<p>Em contato com o&nbsp;<strong>Blog do Bruno Lira<\/strong>, o prefeito de Sum\u00e9, Eden Duarte, ressaltou que entende que Lorena \u00e9 aliada do governo e defendeu que as a\u00e7\u00f5es e eventos do Governo da Para\u00edba possam ser divididos entre Sum\u00e9, Monteiro e Serra Branca, para n\u00e3o ficar centralizado em um s\u00f3 lugar.<\/p>\n\n\n\n<p><strong>Blog do Bruno Lira<\/strong><\/p>\n","protected":false},"excerpt":{"rendered":"<p>A prefeita de Monteiro, Anna Lorena, aliada de Jo\u00e3o Azev\u00eado e gestora da maior cidade do Cariri, sugeriu ao governador o revezamento das plen\u00e1rias do&hellip; <\/p>\n","protected":false},"author":1,"featured_media":86286,"comment_status":"closed","ping_status":"closed","sticky":false,"template":"","format":"standard","meta":{"sfsi_plus_gutenberg_text_before_share":"","sfsi_plus_gutenberg_show_text_before_share":"","sfsi_plus_gutenberg_icon_type":"","sfsi_plus_gutenberg_icon_alignemt":"","sfsi_plus_gutenburg_max_per_row":"","footnotes":""},"categories":[6],"tags":[],"class_list":["post-86285","post","type-post","status-publish","format-standard","has-post-thumbnail","hentry","category-cidades"],"_links":{"self":[{"href":"https:\/\/www.caririemacao.com\/1\/wp-json\/wp\/v2\/posts\/86285","targetHints":{"allow":["GET"]}}],"collection":[{"href":"https:\/\/www.caririemacao.com\/1\/wp-json\/wp\/v2\/posts"}],"about":[{"href":"https:\/\/www.caririemacao.com\/1\/wp-json\/wp\/v2\/types\/post"}],"author":[{"embeddable":true,"href":"https:\/\/www.caririemacao.com\/1\/wp-json\/wp\/v2\/users\/1"}],"replies":[{"embeddable":true,"href":"https:\/\/www.caririemacao.com\/1\/wp-json\/wp\/v2\/comments?post=86285"}],"version-history":[{"count":1,"href":"https:\/\/www.caririemacao.com\/1\/wp-json\/wp\/v2\/posts\/86285\/revisions"}],"predecessor-version":[{"id":86287,"href":"https:\/\/www.caririemacao.com\/1\/wp-json\/wp\/v2\/posts\/86285\/revisions\/86287"}],"wp:featuredmedia":[{"embeddable":true,"href":"https:\/\/www.caririemacao.com\/1\/wp-json\/wp\/v2\/media\/86286"}],"wp:attachment":[{"href":"https:\/\/www.caririemacao.com\/1\/wp-json\/wp\/v2\/media?parent=86285"}],"wp:term":[{"taxonomy":"category","embeddable":true,"href":"https:\/\/www.caririemacao.com\/1\/wp-json\/wp\/v2\/categories?post=86285"},{"taxonomy":"post_tag","embeddable":true,"href":"https:\/\/www.caririemacao.com\/1\/wp-json\/wp\/v2\/tags?post=86285"}],"curies":[{"name":"wp","href":"https:\/\/api.w.org\/{rel}","templated":true}]}}