{"id":86291,"date":"2019-02-22T13:53:43","date_gmt":"2019-02-22T16:53:43","guid":{"rendered":"http:\/\/www.caririemacao.com\/1\/?p=86291"},"modified":"2019-02-22T13:53:51","modified_gmt":"2019-02-22T16:53:51","slug":"prefeito-adriano-wolff-leva-mensagem-do-executivo-na-1a-sessao-da-camara-em-ss-do-umbuzeiro","status":"publish","type":"post","link":"https:\/\/www.caririemacao.com\/1\/2019\/02\/22\/prefeito-adriano-wolff-leva-mensagem-do-executivo-na-1a-sessao-da-camara-em-ss-do-umbuzeiro\/","title":{"rendered":"Prefeito Adriano Wolff leva mensagem do executivo na 1\u00aa sess\u00e3o da C\u00e2mara em SS do Umbuzeiro"},"content":{"rendered":"\n<figure class=\"wp-block-image\"><a href=\"https:\/\/4.bp.blogspot.com\/-3HzCzwmIRmY\/XG_cK-DiOPI\/AAAAAAAAE30\/neTtAW7y2wsw1ZKYdvchIittpVkjm3gLACLcBGAs\/s1600\/C1.jpg\"><img decoding=\"async\" data-src=\"https:\/\/4.bp.blogspot.com\/-3HzCzwmIRmY\/XG_cK-DiOPI\/AAAAAAAAE30\/neTtAW7y2wsw1ZKYdvchIittpVkjm3gLACLcBGAs\/s400\/C1.jpg\" alt=\"C1\" src=\"data:image\/svg+xml;base64,PHN2ZyB3aWR0aD0iMSIgaGVpZ2h0PSIxIiB4bWxucz0iaHR0cDovL3d3dy53My5vcmcvMjAwMC9zdmciPjwvc3ZnPg==\" class=\"lazyload\" \/><\/a><\/figure>\n\n\n\n<figure class=\"wp-block-image\"><a href=\"https:\/\/2.bp.blogspot.com\/-YVm4NSo2ljA\/XG_cKzIPIFI\/AAAAAAAAE34\/Kdsc3y6t7Lo5uIyNIPcVKR_jO2nS52gkACLcBGAs\/s1600\/C2.jpg\"><img decoding=\"async\" data-src=\"https:\/\/2.bp.blogspot.com\/-YVm4NSo2ljA\/XG_cKzIPIFI\/AAAAAAAAE34\/Kdsc3y6t7Lo5uIyNIPcVKR_jO2nS52gkACLcBGAs\/s400\/C2.jpg\" alt=\"C2\" src=\"data:image\/svg+xml;base64,PHN2ZyB3aWR0aD0iMSIgaGVpZ2h0PSIxIiB4bWxucz0iaHR0cDovL3d3dy53My5vcmcvMjAwMC9zdmciPjwvc3ZnPg==\" class=\"lazyload\" \/><\/a><\/figure>\n\n\n\n<p><strong><br><\/strong>O prefeito Adriano Wolff&nbsp;&nbsp;participou da 1\u00aa sess\u00e3o ordin\u00e1ria da C\u00e2mara municipal em SS do Umbuzeiro na noite desta quinta feira, marcando o in\u00edcio do ano legislativo de 2019 e do novo bi\u00eanio.<br>Na ocasi\u00e3o, o prefeito encaminhou na tribuna a mensagem do executivo e agradeceu pela parceria exitosa e harmoniosa entre a c\u00e2mara de vereadores e gest\u00e3o.<br>O prefeito Adriano pediu para que essa harmonia entre os poderes se mantivesse nos pr\u00f3ximos anos para que todos possam buscar cada vez mais realiza\u00e7\u00f5es.<br>\u201cEspero que este relacionamento continue desta forma muito positiva para que S\u00e3o Sebasti\u00e3o do Umbuzeiro continue se desenvolvendo cada vez mais\u201d, frisou o prefeito.<br>O gestor umbuzeirense tamb\u00e9m aproveitou o encontro para discutir com os 9 vereadores os projetos para 2019.<br>De acordo com Adriano Wolff, na pr\u00f3xima semana dever\u00e1 ser anunciado o nome do novo l\u00edder do governo na casa, e tamb\u00e9m dever\u00e1 ser confirmada a composi\u00e7\u00e3o das comiss\u00f5es .<br><strong>F\u00c1BIO BRITO<\/strong><\/p>\n","protected":false},"excerpt":{"rendered":"<p>O prefeito Adriano Wolff&nbsp;&nbsp;participou da 1\u00aa sess\u00e3o ordin\u00e1ria da C\u00e2mara municipal em SS do Umbuzeiro na noite desta quinta feira, marcando o in\u00edcio do ano&hellip; <\/p>\n","protected":false},"author":1,"featured_media":25951,"comment_status":"closed","ping_status":"closed","sticky":false,"template":"","format":"standard","meta":{"sfsi_plus_gutenberg_text_before_share":"","sfsi_plus_gutenberg_show_text_before_share":"","sfsi_plus_gutenberg_icon_type":"","sfsi_plus_gutenberg_icon_alignemt":"","sfsi_plus_gutenburg_max_per_row":"","footnotes":""},"categories":[6],"tags":[],"class_list":["post-86291","post","type-post","status-publish","format-standard","has-post-thumbnail","hentry","category-cidades"],"_links":{"self":[{"href":"https:\/\/www.caririemacao.com\/1\/wp-json\/wp\/v2\/posts\/86291","targetHints":{"allow":["GET"]}}],"collection":[{"href":"https:\/\/www.caririemacao.com\/1\/wp-json\/wp\/v2\/posts"}],"about":[{"href":"https:\/\/www.caririemacao.com\/1\/wp-json\/wp\/v2\/types\/post"}],"author":[{"embeddable":true,"href":"https:\/\/www.caririemacao.com\/1\/wp-json\/wp\/v2\/users\/1"}],"replies":[{"embeddable":true,"href":"https:\/\/www.caririemacao.com\/1\/wp-json\/wp\/v2\/comments?post=86291"}],"version-history":[{"count":1,"href":"https:\/\/www.caririemacao.com\/1\/wp-json\/wp\/v2\/posts\/86291\/revisions"}],"predecessor-version":[{"id":86292,"href":"https:\/\/www.caririemacao.com\/1\/wp-json\/wp\/v2\/posts\/86291\/revisions\/86292"}],"wp:featuredmedia":[{"embeddable":true,"href":"https:\/\/www.caririemacao.com\/1\/wp-json\/wp\/v2\/media\/25951"}],"wp:attachment":[{"href":"https:\/\/www.caririemacao.com\/1\/wp-json\/wp\/v2\/media?parent=86291"}],"wp:term":[{"taxonomy":"category","embeddable":true,"href":"https:\/\/www.caririemacao.com\/1\/wp-json\/wp\/v2\/categories?post=86291"},{"taxonomy":"post_tag","embeddable":true,"href":"https:\/\/www.caririemacao.com\/1\/wp-json\/wp\/v2\/tags?post=86291"}],"curies":[{"name":"wp","href":"https:\/\/api.w.org\/{rel}","templated":true}]}}