{"id":86298,"date":"2019-02-22T13:58:07","date_gmt":"2019-02-22T16:58:07","guid":{"rendered":"http:\/\/www.caririemacao.com\/1\/?p=86298"},"modified":"2019-02-22T13:58:12","modified_gmt":"2019-02-22T16:58:12","slug":"prefeitura-de-monteiro-lanca-novo-site-oficial-mais-moderno-e-completo","status":"publish","type":"post","link":"https:\/\/www.caririemacao.com\/1\/2019\/02\/22\/prefeitura-de-monteiro-lanca-novo-site-oficial-mais-moderno-e-completo\/","title":{"rendered":"Prefeitura de Monteiro lan\u00e7a novo site oficial mais moderno e completo"},"content":{"rendered":"\n<p>\n\nA Prefeitura Municipal de Monteiro apresenta o novo layout do seu portal oficial na Internet.&nbsp;Dispon\u00edvel para toda a popula\u00e7\u00e3o pelo endere\u00e7o eletr\u00f4nico&nbsp;<a href=\"https:\/\/www.monteiro.pb.gov.br\/\">https:\/\/www.monteiro.pb.gov.br\/<\/a>&nbsp;, o site re\u00fane ferramentas que facilitam a navega\u00e7\u00e3o e permite o acesso a v\u00eddeos, arquivos de som e op\u00e7\u00f5es de imagens.<br>\u201cOferecemos \u00e0 popula\u00e7\u00e3o mais uma ferramenta moderna e completa que proporciona o encontro das nossas pol\u00edticas de transpar\u00eancia com o intuito de gerar mais proximidade com a popula\u00e7\u00e3o\u201d, comenta o Secret\u00e1rio de Comunica\u00e7\u00e3o, Fred Menezes.<br>O portal \u00e9 um canal de comunica\u00e7\u00e3o entre os monteirenses e a administra\u00e7\u00e3o. \u201cEstamos sempre evoluindo e se adaptando \u00e0s necessidades da popula\u00e7\u00e3o e incorporando tecnologias. Temos uma ouvidoria online, servi\u00e7os de segunda via de IPTU, hist\u00f3ria de nossa cidade, acesso a transpar\u00eancia fiscal e tantas outras ferramentas\u201d, conta a prefeita Anna Lorena.<br>As grandes diferen\u00e7as do novo portal em rela\u00e7\u00e3o ao site antigo s\u00e3o a incorpora\u00e7\u00e3o de ferramentas, como acesso a m\u00eddias digitais, visualiza\u00e7\u00e3o de v\u00eddeos diretamente na p\u00e1gina, al\u00e9m da facilidade na atualiza\u00e7\u00e3o de qualquer parte do site e maior acessibilidade, o que torna o acesso de forma bastante intuitiva e did\u00e1tica, de f\u00e1cil navega\u00e7\u00e3o.<br>A Secretaria de Comunica\u00e7\u00e3o ainda informa que o acesso e utiliza\u00e7\u00e3o dos servi\u00e7os no portal podem ser feitas a partir de qualquer meio, sejam celulares, tablets e computadores desktop.<br><\/p>\n\n\n\n<figure class=\"wp-block-image\"><img decoding=\"async\" src=\"https:\/\/blogdofabiobrito2.blogspot.com\/2019\/02\/prefeitura-de-monteiro-lanca-novo-site.html?fbclid=IwAR1eDj9cWA3RAN1Y5eV3s6BhlukqHs9Lk3Kn3L1B9vwUcCcqrla52igr-TA\" alt=\"\"\/><\/figure>\n","protected":false},"excerpt":{"rendered":"<p>A Prefeitura Municipal de Monteiro apresenta o novo layout do seu portal oficial na Internet.&nbsp;Dispon\u00edvel para toda a popula\u00e7\u00e3o pelo endere\u00e7o eletr\u00f4nico&nbsp;https:\/\/www.monteiro.pb.gov.br\/&nbsp;, o site re\u00fane&hellip; <\/p>\n","protected":false},"author":1,"featured_media":86299,"comment_status":"closed","ping_status":"closed","sticky":false,"template":"","format":"standard","meta":{"sfsi_plus_gutenberg_text_before_share":"","sfsi_plus_gutenberg_show_text_before_share":"","sfsi_plus_gutenberg_icon_type":"","sfsi_plus_gutenberg_icon_alignemt":"","sfsi_plus_gutenburg_max_per_row":"","footnotes":""},"categories":[2],"tags":[],"class_list":["post-86298","post","type-post","status-publish","format-standard","has-post-thumbnail","hentry","category-geral"],"_links":{"self":[{"href":"https:\/\/www.caririemacao.com\/1\/wp-json\/wp\/v2\/posts\/86298","targetHints":{"allow":["GET"]}}],"collection":[{"href":"https:\/\/www.caririemacao.com\/1\/wp-json\/wp\/v2\/posts"}],"about":[{"href":"https:\/\/www.caririemacao.com\/1\/wp-json\/wp\/v2\/types\/post"}],"author":[{"embeddable":true,"href":"https:\/\/www.caririemacao.com\/1\/wp-json\/wp\/v2\/users\/1"}],"replies":[{"embeddable":true,"href":"https:\/\/www.caririemacao.com\/1\/wp-json\/wp\/v2\/comments?post=86298"}],"version-history":[{"count":1,"href":"https:\/\/www.caririemacao.com\/1\/wp-json\/wp\/v2\/posts\/86298\/revisions"}],"predecessor-version":[{"id":86300,"href":"https:\/\/www.caririemacao.com\/1\/wp-json\/wp\/v2\/posts\/86298\/revisions\/86300"}],"wp:featuredmedia":[{"embeddable":true,"href":"https:\/\/www.caririemacao.com\/1\/wp-json\/wp\/v2\/media\/86299"}],"wp:attachment":[{"href":"https:\/\/www.caririemacao.com\/1\/wp-json\/wp\/v2\/media?parent=86298"}],"wp:term":[{"taxonomy":"category","embeddable":true,"href":"https:\/\/www.caririemacao.com\/1\/wp-json\/wp\/v2\/categories?post=86298"},{"taxonomy":"post_tag","embeddable":true,"href":"https:\/\/www.caririemacao.com\/1\/wp-json\/wp\/v2\/tags?post=86298"}],"curies":[{"name":"wp","href":"https:\/\/api.w.org\/{rel}","templated":true}]}}