{"id":86302,"date":"2019-02-22T14:09:02","date_gmt":"2019-02-22T17:09:02","guid":{"rendered":"http:\/\/www.caririemacao.com\/1\/?p=86302"},"modified":"2019-02-22T14:09:08","modified_gmt":"2019-02-22T17:09:08","slug":"defesa-de-lula-reitera-pedido-para-stf-retirar-do-parana-acao-sobre-sitio-de-atibaia","status":"publish","type":"post","link":"https:\/\/www.caririemacao.com\/1\/2019\/02\/22\/defesa-de-lula-reitera-pedido-para-stf-retirar-do-parana-acao-sobre-sitio-de-atibaia\/","title":{"rendered":"Defesa de Lula reitera pedido para STF retirar do Paran\u00e1 a\u00e7\u00e3o sobre s\u00edtio de Atibaia"},"content":{"rendered":"\n<p>A defesa do ex-presidente Luiz In\u00e1cio Lula da Silva reiterou ao Supremo Tribunal Federal (STF) nesta quinta-feira (21) pedido para retirar da Justi\u00e7a Federal do Paran\u00e1 a a\u00e7\u00e3o penal sobre o s\u00edtio de Atibaia (SP).<\/p>\n\n\n\n<p>Lula foi condenado no caso, que faz parte da Opera\u00e7\u00e3o Lava Lato, a 12 anos e 11 meses de pris\u00e3o, por corrup\u00e7\u00e3o e lavagem de dinheiro. A primeira inst\u00e2ncia da Justi\u00e7a considerou que ele recebeu propina por meio da reforma do im\u00f3vel.<\/p>\n\n\n\n<p>O pedido para tirar o caso da Justi\u00e7a Federal do Paran\u00e1 j\u00e1 havia sido feito pela defesa em maio do ano passado e refeito quando ele foi condenado. Agora, a defesa pede \u201curg\u00eancia e prioridade\u201d para a quest\u00e3o. A relatora do caso no STF \u00e9 a ministra C\u00e1rmen L\u00facia.<\/p>\n\n\n\n<p>O principal argumento da defesa \u00e9 que o\u00a0STF j\u00e1 havia decidido, em abril de 2018, retirar do Paran\u00e1 trechos da dela\u00e7\u00e3o da Odebrecht sobre o s\u00edtio, por n\u00e3o terem rela\u00e7\u00e3o com o esquema de fraudes na Petrobras, alvo da opera\u00e7\u00e3o. A decis\u00e3o do STF, no entanto, n\u00e3o proibiu a Justi\u00e7a Federal do Paran\u00e1 de usar as informa\u00e7\u00f5es.<\/p>\n\n\n\n<p>Conforme a defesa do ex-presidente, o caso deve ser julgado sob risco de desrespeito \u00e0 decis\u00e3o do Supremo. \u201cConsiderando que o Peticion\u00e1rio teve concretamente tolhido seu direito constitucional de ser processado e julgado por Juiz Natural, \u00e9 preciso conferir-se urg\u00eancia e prioridade na tramita\u00e7\u00e3o da presente Reclama\u00e7\u00e3o. Isso, para que seja apreciado o m\u00e9rito e, em decorr\u00eancia, dado o integral provimento do requerido, restabelecendo-se a autoridade desta Corte Suprema.\u201d<\/p>\n\n\n\n<p>A defesa quer que o caso prossiga na Justi\u00e7a Federal em Bras\u00edlia ou em S\u00e3o Paulo, onde os fatos investigados na a\u00e7\u00e3o ocorreram.<\/p>\n\n\n\n<figure class=\"wp-block-image\"><img decoding=\"async\" data-src=\"https:\/\/s04.video.glbimg.com\/x720\/7363067.jpg\" alt=\"Ex-presidente Lula \u00e9 condenado pela segunda vez na Lava Jato\" src=\"data:image\/svg+xml;base64,PHN2ZyB3aWR0aD0iMSIgaGVpZ2h0PSIxIiB4bWxucz0iaHR0cDovL3d3dy53My5vcmcvMjAwMC9zdmciPjwvc3ZnPg==\" class=\"lazyload\" \/><\/figure>\n\n\n\n<p>G1<\/p>\n","protected":false},"excerpt":{"rendered":"<p>A defesa do ex-presidente Luiz In\u00e1cio Lula da Silva reiterou ao Supremo Tribunal Federal (STF) nesta quinta-feira (21) pedido para retirar da Justi\u00e7a Federal do&hellip; <\/p>\n","protected":false},"author":1,"featured_media":59116,"comment_status":"closed","ping_status":"closed","sticky":false,"template":"","format":"standard","meta":{"sfsi_plus_gutenberg_text_before_share":"","sfsi_plus_gutenberg_show_text_before_share":"","sfsi_plus_gutenberg_icon_type":"","sfsi_plus_gutenberg_icon_alignemt":"","sfsi_plus_gutenburg_max_per_row":"","footnotes":""},"categories":[11],"tags":[],"class_list":["post-86302","post","type-post","status-publish","format-standard","has-post-thumbnail","hentry","category-politica"],"_links":{"self":[{"href":"https:\/\/www.caririemacao.com\/1\/wp-json\/wp\/v2\/posts\/86302","targetHints":{"allow":["GET"]}}],"collection":[{"href":"https:\/\/www.caririemacao.com\/1\/wp-json\/wp\/v2\/posts"}],"about":[{"href":"https:\/\/www.caririemacao.com\/1\/wp-json\/wp\/v2\/types\/post"}],"author":[{"embeddable":true,"href":"https:\/\/www.caririemacao.com\/1\/wp-json\/wp\/v2\/users\/1"}],"replies":[{"embeddable":true,"href":"https:\/\/www.caririemacao.com\/1\/wp-json\/wp\/v2\/comments?post=86302"}],"version-history":[{"count":1,"href":"https:\/\/www.caririemacao.com\/1\/wp-json\/wp\/v2\/posts\/86302\/revisions"}],"predecessor-version":[{"id":86303,"href":"https:\/\/www.caririemacao.com\/1\/wp-json\/wp\/v2\/posts\/86302\/revisions\/86303"}],"wp:featuredmedia":[{"embeddable":true,"href":"https:\/\/www.caririemacao.com\/1\/wp-json\/wp\/v2\/media\/59116"}],"wp:attachment":[{"href":"https:\/\/www.caririemacao.com\/1\/wp-json\/wp\/v2\/media?parent=86302"}],"wp:term":[{"taxonomy":"category","embeddable":true,"href":"https:\/\/www.caririemacao.com\/1\/wp-json\/wp\/v2\/categories?post=86302"},{"taxonomy":"post_tag","embeddable":true,"href":"https:\/\/www.caririemacao.com\/1\/wp-json\/wp\/v2\/tags?post=86302"}],"curies":[{"name":"wp","href":"https:\/\/api.w.org\/{rel}","templated":true}]}}