{"id":86317,"date":"2019-02-23T08:38:44","date_gmt":"2019-02-23T11:38:44","guid":{"rendered":"http:\/\/www.caririemacao.com\/1\/?p=86317"},"modified":"2019-02-23T08:38:44","modified_gmt":"2019-02-23T11:38:44","slug":"mae-mata-a-filha-de-3-anos-tortura-quebra-membros-e-estupra-com-cano","status":"publish","type":"post","link":"https:\/\/www.caririemacao.com\/1\/2019\/02\/23\/mae-mata-a-filha-de-3-anos-tortura-quebra-membros-e-estupra-com-cano\/","title":{"rendered":"M\u00e3e mata a filha de 3 anos, tortura, quebra membros e estupra com cano"},"content":{"rendered":"<p>A autora do Crime \u00e9 a pr\u00f3pria m\u00e3e da v\u00edtima, identificada como Deilandia dos Santos Assun\u00e7\u00e3o, de 19 anos.<br \/>\nUma crian\u00e7a de apenas tr\u00eas anos de idade foi assassinada na manh\u00e3 do \u00faltimo domingo, na comunidade Baix\u00e3o Grande, em S\u00e3o Domingos do Maranh\u00e3o, estado do Maranh\u00e3o. A autora do Crime \u00e9 a pr\u00f3pria m\u00e3e da v\u00edtima, identificada como Deilandia dos Santos Assun\u00e7\u00e3o, de 19 anos. O crime causou bastante repercuss\u00e3o na localidade. A popula\u00e7\u00e3o tentou linchar a acusada, em raz\u00e3o da crueldade com que se deram os fatos, mas a Pol\u00edcia Militar evitou a a\u00e7\u00e3o e efetuou a pris\u00e3o da suspeita.<\/p>\n<p>A menina teve os bra\u00e7os e m\u00e3os partidas antes de ser assassinada pela pr\u00f3pria m\u00e3e.<\/p>\n<p>Al\u00e9m da mulher, o seu esposo, padrasto da crian\u00e7a, tamb\u00e9m foi preso. Segundo informa\u00e7\u00f5es do delegado Rildo Portela, titular da 13\u00aa Delegacia Regional de Presidente Dutra, a autora foi presa em flagrante por ter matado a sua filha de tr\u00eas anos. Conforme o delegado Portela, a suspeita torturou a menina at\u00e9 a morte, quebrando seus bra\u00e7os e pernas e, como se n\u00e3o bastasse, ainda introduziu um peda\u00e7o de cano nas suas partes intimas e desferiu v\u00e1rias pancadas na cabe\u00e7a, causando cortes profundos.<\/p>\n<p>&nbsp;<\/p>\n<p>Segundo o delegado Portela, o principal suspeito de ter cometido o crime b\u00e1rbaro era o padrasto da menina, mas, em seu depoimento, ele negou ser o autor do crime. Ainda, de acordo com Portela, a m\u00e3e da v\u00edtima confessou em seu depoimento que assassinou a pr\u00f3pria filha. Portela ainda disse que a acusada tinha pisado em cima da v\u00edtima e quebrado os seus bra\u00e7os e pernas. Conforme a pol\u00edcia, a mulher tamb\u00e9m relatou que violentou a pr\u00f3pria filha introduzindo um peda\u00e7o de cano nas suas partes \u00edntimas.<\/p>\n<div>\n<div><span class=\"ctaText\">Leia Tamb\u00e9m:\u00a0<\/span>\u00a0\u00a0<span class=\"postTitle\">&#8216;Era para o meu bem&#8217;, mulher acusa m\u00e3e de t\u00ea-la colocado em prost\u00edbulo aos 14 anos<\/span><\/div>\n<\/div>\n<p>&nbsp;<\/p>\n<p>Segundo o que consta no depoimento da acusada, ela assassinou a menina porque ela dava muito trabalho, chorava muito e, no dia do crime, ela teria defecado na roupa. O esposo da mulher prestou seu depoimento e, logo ap\u00f3s, foi liberado, mas a pol\u00edcia continuar\u00e1 o investigando. Tamb\u00e9m vai colher depoimentos de vizinhos. A acusada est\u00e1 presa e ficar\u00e1 \u00e0 disposi\u00e7\u00e3o da Justi\u00e7a.<\/p>\n<p>&nbsp;<\/p>\n<p><img fetchpriority=\"high\" decoding=\"async\" title=\"M\u00e3e mata a filha de 3 anos, tortura, quebra membros e estupra com cano\" src=\"https:\/\/i2.wp.com\/portalholofote.com\/envios\/15a5590179dfff6127165d85f7580e3e9da49b4c.jpg?resize=705%2C529\" alt=\"15a5590179dfff6127165d85f7580e3e9da49b4c - M\u00e3e mata a filha de 3 anos, tortura, quebra membros e estupra com cano\" width=\"750\" height=\"420\" \/><\/p>\n<p>&nbsp;<\/p>\n<p><img decoding=\"async\" title=\"M\u00e3e mata a filha de 3 anos, tortura, quebra membros e estupra com cano\" data-src=\"https:\/\/i0.wp.com\/portalholofote.com\/envios\/bd574c44fa6f358ec4e2c42b6e93be3b2b0ba522.jpg?resize=705%2C989\" alt=\"bd574c44fa6f358ec4e2c42b6e93be3b2b0ba522 - M\u00e3e mata a filha de 3 anos, tortura, quebra membros e estupra com cano\" width=\"750\" height=\"420\" src=\"data:image\/svg+xml;base64,PHN2ZyB3aWR0aD0iMSIgaGVpZ2h0PSIxIiB4bWxucz0iaHR0cDovL3d3dy53My5vcmcvMjAwMC9zdmciPjwvc3ZnPg==\" class=\"lazyload\" style=\"--smush-placeholder-width: 750px; --smush-placeholder-aspect-ratio: 750\/420;\" \/><\/p>\n<p><br clear=\"all\" \/><br clear=\"all\" \/><\/p>\n<p>Fonte: Portal Holofote<\/p>\n<p>Cr\u00e9ditos: Portal Holofote<\/p>\n","protected":false},"excerpt":{"rendered":"<p>A autora do Crime \u00e9 a pr\u00f3pria m\u00e3e da v\u00edtima, identificada como Deilandia dos Santos Assun\u00e7\u00e3o, de 19 anos. Uma crian\u00e7a de apenas tr\u00eas anos&hellip; <\/p>\n","protected":false},"author":1,"featured_media":86318,"comment_status":"closed","ping_status":"closed","sticky":false,"template":"","format":"standard","meta":{"sfsi_plus_gutenberg_text_before_share":"","sfsi_plus_gutenberg_show_text_before_share":"","sfsi_plus_gutenberg_icon_type":"","sfsi_plus_gutenberg_icon_alignemt":"","sfsi_plus_gutenburg_max_per_row":"","footnotes":""},"categories":[12],"tags":[],"class_list":["post-86317","post","type-post","status-publish","format-standard","has-post-thumbnail","hentry","category-policia"],"_links":{"self":[{"href":"https:\/\/www.caririemacao.com\/1\/wp-json\/wp\/v2\/posts\/86317","targetHints":{"allow":["GET"]}}],"collection":[{"href":"https:\/\/www.caririemacao.com\/1\/wp-json\/wp\/v2\/posts"}],"about":[{"href":"https:\/\/www.caririemacao.com\/1\/wp-json\/wp\/v2\/types\/post"}],"author":[{"embeddable":true,"href":"https:\/\/www.caririemacao.com\/1\/wp-json\/wp\/v2\/users\/1"}],"replies":[{"embeddable":true,"href":"https:\/\/www.caririemacao.com\/1\/wp-json\/wp\/v2\/comments?post=86317"}],"version-history":[{"count":1,"href":"https:\/\/www.caririemacao.com\/1\/wp-json\/wp\/v2\/posts\/86317\/revisions"}],"predecessor-version":[{"id":86319,"href":"https:\/\/www.caririemacao.com\/1\/wp-json\/wp\/v2\/posts\/86317\/revisions\/86319"}],"wp:featuredmedia":[{"embeddable":true,"href":"https:\/\/www.caririemacao.com\/1\/wp-json\/wp\/v2\/media\/86318"}],"wp:attachment":[{"href":"https:\/\/www.caririemacao.com\/1\/wp-json\/wp\/v2\/media?parent=86317"}],"wp:term":[{"taxonomy":"category","embeddable":true,"href":"https:\/\/www.caririemacao.com\/1\/wp-json\/wp\/v2\/categories?post=86317"},{"taxonomy":"post_tag","embeddable":true,"href":"https:\/\/www.caririemacao.com\/1\/wp-json\/wp\/v2\/tags?post=86317"}],"curies":[{"name":"wp","href":"https:\/\/api.w.org\/{rel}","templated":true}]}}