{"id":86320,"date":"2019-02-23T08:40:45","date_gmt":"2019-02-23T11:40:45","guid":{"rendered":"http:\/\/www.caririemacao.com\/1\/?p=86320"},"modified":"2019-02-23T08:40:45","modified_gmt":"2019-02-23T11:40:45","slug":"total-apoio-a-venezuela-pt-da-paraiba-critica-governo-brasileiro-apos-acirramento-na-fronteira-com-pais-vizinho","status":"publish","type":"post","link":"https:\/\/www.caririemacao.com\/1\/2019\/02\/23\/total-apoio-a-venezuela-pt-da-paraiba-critica-governo-brasileiro-apos-acirramento-na-fronteira-com-pais-vizinho\/","title":{"rendered":"\u2018TOTAL APOIO \u00c0 VENEZUELA\u2019: PT da Para\u00edba critica governo brasileiro ap\u00f3s acirramento na fronteira com pa\u00eds vizinho"},"content":{"rendered":"<p>A dire\u00e7\u00e3o estadual do Partido dos Trabalhadores (PT) manifestou, nesta sexta-feira (22), \u2018total solidariedade \u00e0 Venezuela\u2019 ap\u00f3s o aumento da tens\u00e3o na fronteira com o Brasil. O presidente da legenda, Jackson Macedo, disse que o partido defende \u2018a autonomia do povo Venezuelano\u2019. A tens\u00e3o diplom\u00e1tica aumentou depois que Nicol\u00e1s Maduro mandou fechar a fronteira com o Brasil.<\/p>\n<p>\u2018O Brasil n\u00e3o tem que se meter nas quest\u00f5es da Venezuela, o Brasil tem que resolver os seus problemas. O interesse nessa guerra \u00e9 interesse no petr\u00f3leo da Venezuela, por isso que os Estados Unidos tem interesse. Se o Brasil se meter nessa guerra ser\u00e1 muito ruim, pois por tr\u00e1s da Venezuela est\u00e3o a R\u00fassia e a China\u2019, comentou Jackson Macedo.<\/p>\n<p>A crise na fronteira se intensificou bastante depois Maduro passou a impedir a entrada de ajuda humanit\u00e1ria no pa\u00eds. Houve confronto entre soldados venezuelanos e dois ind\u00edgenas foram mortos em confrontos. Tanques de guerra tamb\u00e9m estariam na fronteira.<\/p>\n<p>Questionado sobre qual seria a solu\u00e7\u00e3o para a crise no pa\u00eds vizinho, Jackson Macedo defendeu a legitimidade da Organiza\u00e7\u00e3o das Na\u00e7\u00f5es Unidas (ONU) em mediar o conflito. Apesar de considerar leg\u00edtimas as elei\u00e7\u00f5es que levaram Maduro ao poder, ele disse que \u00e9 favor\u00e1vel \u00e0 realiza\u00e7\u00e3o de novas elei\u00e7\u00f5es presidenciais e legislativas no pa\u00eds.<\/p>\n<p>\u201cA ONU chamar todas as partes para um grande acordo, e chamar elei\u00e7\u00f5es gerais no pa\u00eds, n\u00e3o s\u00f3 elei\u00e7\u00f5es presidencias, elei\u00e7\u00f5es parlamentares. As pessoas n\u00e3o sabem, mas Maduro foi eleito duas vezes presidente da Rep\u00fablica. Eu acho que chamar elei\u00e7\u00f5es n\u00e3o s\u00f3 para presidente, mas tamb\u00e9m legislativas seria a solu\u00e7\u00e3o nesse momento de crise\u201d, finalizou Jakcon Macedo.<\/p>\n<div>\n<div><span class=\"ctaText\">Leia Tamb\u00e9m:\u00a0<\/span>\u00a0\u00a0<span class=\"postTitle\">Mensagem contradiz vers\u00e3o de ministro e revela cobran\u00e7a para desvio de verba eleitoral<\/span><\/div>\n<\/div>\n<p><strong>Bolsonaro est\u00e1 atento<\/strong><\/p>\n<p>O site da Revista Veja noticiou, no final da tarde desta sexta-feira (22), que o Governo brasileiro \u2018sinalizou\u2019 que pode reagir caso o Brasil seja atacado por Nicol\u00e1s Maduro. O presidente Jair Bolsonaro (PSL) est\u00e1 monitorando e atento a toda a movimenta\u00e7\u00e3o na fronteira entre os dois pa\u00edses.<\/p>\n","protected":false},"excerpt":{"rendered":"<p>A dire\u00e7\u00e3o estadual do Partido dos Trabalhadores (PT) manifestou, nesta sexta-feira (22), \u2018total solidariedade \u00e0 Venezuela\u2019 ap\u00f3s o aumento da tens\u00e3o na fronteira com o&hellip; <\/p>\n","protected":false},"author":1,"featured_media":86321,"comment_status":"closed","ping_status":"closed","sticky":false,"template":"","format":"standard","meta":{"sfsi_plus_gutenberg_text_before_share":"","sfsi_plus_gutenberg_show_text_before_share":"","sfsi_plus_gutenberg_icon_type":"","sfsi_plus_gutenberg_icon_alignemt":"","sfsi_plus_gutenburg_max_per_row":"","footnotes":""},"categories":[11],"tags":[],"class_list":["post-86320","post","type-post","status-publish","format-standard","has-post-thumbnail","hentry","category-politica"],"_links":{"self":[{"href":"https:\/\/www.caririemacao.com\/1\/wp-json\/wp\/v2\/posts\/86320","targetHints":{"allow":["GET"]}}],"collection":[{"href":"https:\/\/www.caririemacao.com\/1\/wp-json\/wp\/v2\/posts"}],"about":[{"href":"https:\/\/www.caririemacao.com\/1\/wp-json\/wp\/v2\/types\/post"}],"author":[{"embeddable":true,"href":"https:\/\/www.caririemacao.com\/1\/wp-json\/wp\/v2\/users\/1"}],"replies":[{"embeddable":true,"href":"https:\/\/www.caririemacao.com\/1\/wp-json\/wp\/v2\/comments?post=86320"}],"version-history":[{"count":1,"href":"https:\/\/www.caririemacao.com\/1\/wp-json\/wp\/v2\/posts\/86320\/revisions"}],"predecessor-version":[{"id":86322,"href":"https:\/\/www.caririemacao.com\/1\/wp-json\/wp\/v2\/posts\/86320\/revisions\/86322"}],"wp:featuredmedia":[{"embeddable":true,"href":"https:\/\/www.caririemacao.com\/1\/wp-json\/wp\/v2\/media\/86321"}],"wp:attachment":[{"href":"https:\/\/www.caririemacao.com\/1\/wp-json\/wp\/v2\/media?parent=86320"}],"wp:term":[{"taxonomy":"category","embeddable":true,"href":"https:\/\/www.caririemacao.com\/1\/wp-json\/wp\/v2\/categories?post=86320"},{"taxonomy":"post_tag","embeddable":true,"href":"https:\/\/www.caririemacao.com\/1\/wp-json\/wp\/v2\/tags?post=86320"}],"curies":[{"name":"wp","href":"https:\/\/api.w.org\/{rel}","templated":true}]}}