{"id":86323,"date":"2019-02-23T08:42:49","date_gmt":"2019-02-23T11:42:49","guid":{"rendered":"http:\/\/www.caririemacao.com\/1\/?p=86323"},"modified":"2019-02-23T08:42:49","modified_gmt":"2019-02-23T11:42:49","slug":"inesperado-casal-de-idosos-comete-suicidio-para-nao-dar-trabalho-aos-filhos","status":"publish","type":"post","link":"https:\/\/www.caririemacao.com\/1\/2019\/02\/23\/inesperado-casal-de-idosos-comete-suicidio-para-nao-dar-trabalho-aos-filhos\/","title":{"rendered":"INESPERADO: casal de idosos comete suic\u00eddio para n\u00e3o dar trabalho aos filhos"},"content":{"rendered":"<p>Um dos velhinhos matou o outro e depois cometeu suic\u00eddio. O acordo do casal de velhinhos foi explicado em carta deixada \u00e0 fam\u00edlia.<br \/>\nA noticia que circula em todas as redes sociais diz que o senhor Jos\u00e9 Aedo, de 94 anos, e a senhora Blanca Sa\u00e9z, de 86 anos de idade, viviam harmoniosamente casados oficialmente h\u00e1 62 anos, eles constru\u00edram com muita luta e muito esfor\u00e7o, uma fam\u00edlia numerosa, honesta e de renome onde moravam, dona Blanca teve quatro filhos com o esposo amado Jos\u00e9, desses quatro filhos, eles ganharam 6 netos. Mas o fim de vida desse ilustre casal \u00e9 chocante demais.<\/p>\n<p>Em El Bosque, na cidade de Santiago, no Chile. O casal lindo e amoroso foi encontrado de m\u00e3os dadas j\u00e1 sem vida, a neta que os encontrou deu por f\u00e9 que do lado dos corpos havia uma carta, com a assinatura dos dois, na escrita estava a justificativa da decis\u00e3o tomada em comum acordo.<\/p>\n<p>Os av\u00f3s daquela menina, que teve que dar a noticia aos demais familiares sob muito pranto, disseram na carta, em poucas linhas, que n\u00e3o queriam pesar no or\u00e7amento da fam\u00edlia, que temiam adoecer e dar trabalho aos filhos e netos. Ap\u00f3s isso, um dos filhos encontrou uma arma no local do incidente, assim que os policiais chegaram e investigaram tudo, conclu\u00edram que naquele lugar havia ocorrido um homic\u00eddio seguido de suic\u00eddio. Isso significa que um deles matou o outro e, em seguida, tirou a pr\u00f3pria vida.<\/p>\n<p>De acordo com informa\u00e7\u00f5es contidas no site ABC um dia antes da fatalidade, o casal passou por uma consulta ao geriatra. A fam\u00edlia est\u00e1 em peda\u00e7os, em entrevista disseram que n\u00e3o faz o menor sentido o que motivou a morte de seus pais, as netas est\u00e3o inconformadas em perd\u00ea-los dessa maneira.<\/p>\n<div>\n<div><span class=\"ctaText\">Leia Tamb\u00e9m:\u00a0<\/span>\u00a0\u00a0<span class=\"postTitle\">Na feira da Prata, Julian Lemos repassa para filhos heran\u00e7a cultural que herdou dos pais<\/span><\/div>\n<\/div>\n<p>&nbsp;<\/p>\n","protected":false},"excerpt":{"rendered":"<p>Um dos velhinhos matou o outro e depois cometeu suic\u00eddio. O acordo do casal de velhinhos foi explicado em carta deixada \u00e0 fam\u00edlia. A noticia&hellip; <\/p>\n","protected":false},"author":1,"featured_media":86324,"comment_status":"closed","ping_status":"closed","sticky":false,"template":"","format":"standard","meta":{"sfsi_plus_gutenberg_text_before_share":"","sfsi_plus_gutenberg_show_text_before_share":"","sfsi_plus_gutenberg_icon_type":"","sfsi_plus_gutenberg_icon_alignemt":"","sfsi_plus_gutenburg_max_per_row":"","footnotes":""},"categories":[2],"tags":[],"class_list":["post-86323","post","type-post","status-publish","format-standard","has-post-thumbnail","hentry","category-geral"],"_links":{"self":[{"href":"https:\/\/www.caririemacao.com\/1\/wp-json\/wp\/v2\/posts\/86323","targetHints":{"allow":["GET"]}}],"collection":[{"href":"https:\/\/www.caririemacao.com\/1\/wp-json\/wp\/v2\/posts"}],"about":[{"href":"https:\/\/www.caririemacao.com\/1\/wp-json\/wp\/v2\/types\/post"}],"author":[{"embeddable":true,"href":"https:\/\/www.caririemacao.com\/1\/wp-json\/wp\/v2\/users\/1"}],"replies":[{"embeddable":true,"href":"https:\/\/www.caririemacao.com\/1\/wp-json\/wp\/v2\/comments?post=86323"}],"version-history":[{"count":1,"href":"https:\/\/www.caririemacao.com\/1\/wp-json\/wp\/v2\/posts\/86323\/revisions"}],"predecessor-version":[{"id":86325,"href":"https:\/\/www.caririemacao.com\/1\/wp-json\/wp\/v2\/posts\/86323\/revisions\/86325"}],"wp:featuredmedia":[{"embeddable":true,"href":"https:\/\/www.caririemacao.com\/1\/wp-json\/wp\/v2\/media\/86324"}],"wp:attachment":[{"href":"https:\/\/www.caririemacao.com\/1\/wp-json\/wp\/v2\/media?parent=86323"}],"wp:term":[{"taxonomy":"category","embeddable":true,"href":"https:\/\/www.caririemacao.com\/1\/wp-json\/wp\/v2\/categories?post=86323"},{"taxonomy":"post_tag","embeddable":true,"href":"https:\/\/www.caririemacao.com\/1\/wp-json\/wp\/v2\/tags?post=86323"}],"curies":[{"name":"wp","href":"https:\/\/api.w.org\/{rel}","templated":true}]}}