{"id":86329,"date":"2019-02-23T08:49:36","date_gmt":"2019-02-23T11:49:36","guid":{"rendered":"http:\/\/www.caririemacao.com\/1\/?p=86329"},"modified":"2019-02-23T08:49:36","modified_gmt":"2019-02-23T11:49:36","slug":"paraiba-mantem-2a-menor-taxa-de-desocupados-do-nordeste-revela-ibge","status":"publish","type":"post","link":"https:\/\/www.caririemacao.com\/1\/2019\/02\/23\/paraiba-mantem-2a-menor-taxa-de-desocupados-do-nordeste-revela-ibge\/","title":{"rendered":"Para\u00edba mant\u00e9m 2\u00aa menor taxa de desocupados do Nordeste, revela IBGE"},"content":{"rendered":"<p>A Para\u00edba manteve a segunda menor taxa de desocupados entre os nove Estados da regi\u00e3o Nordeste no encerramento de 2018, segundo dados da PNAD Cont\u00ednua (Pesquisa Nacional por Amostra de Domic\u00edlios) divulgada nesta sexta-feira (22) pelo Instituto Brasileiro de Geografia e Estat\u00edstica (IBGE). A pesquisa mostra que a taxa de desocupados da Para\u00edba no 4\u00ba trimestre do ano passado ficou em 11%, atr\u00e1s apenas do Cear\u00e1 na regi\u00e3o Nordeste (10,1%). A taxa m\u00e9dia do pa\u00eds continua superior \u00e0 da Para\u00edba, assim como a do Nordeste (14,4%).<\/p>\n<div class=\"green-area t-left t-cont text-center\">\n<div class=\"anuncio\">\n<div id=\"div-gpt-ad-1493386374551-0\" data-google-query-id=\"CPKshaDk0eACFUpTwQodE1sJnQ\">\n<div id=\"google_ads_iframe_\/21685702823\/New_Sec_Conteudo_0__container__\"><iframe id=\"google_ads_iframe_\/21685702823\/New_Sec_Conteudo_0\" title=\"3rd party ad content\" name=\"google_ads_iframe_\/21685702823\/New_Sec_Conteudo_0\" width=\"300\" height=\"250\" frameborder=\"0\" marginwidth=\"0\" marginheight=\"0\" scrolling=\"no\" data-google-container-id=\"2\" data-load-complete=\"true\" data-mce-fragment=\"1\"><\/iframe><\/div>\n<\/div>\n<\/div>\n<\/div>\n<p>Em n\u00fameros absolutos, o n\u00famero de desocupados atingiu 190 mil no trimestre encerrado em dezembro de 2018, contra 187 mil no trimestre anterior, encerrado em setembro do mesmo ano. Geralmente, em dezembro acontece ajustes em diversas empresas com quadro de desligamento mais intenso. A taxa de desocupa\u00e7\u00e3o da Para\u00edba era um pouco menor no trimestre encerrado em setembro (10,7%).<\/p>\n<p>De acordo com a PNAD Cont\u00ednua, o n\u00edvel de ocupa\u00e7\u00e3o de trabalhadores paraibanos era de 1,555 milh\u00e3o de pessoas acima de 14 anos no 4\u00ba trimestre de 2018 no Estado. J\u00e1 a for\u00e7a de trabalho da Para\u00edba atingiu 1,736 milh\u00e3o de pessoas.<\/p>\n<p>Ranking do Nordeste\u00a0\u2013 Na regi\u00e3o Nordeste, os tr\u00eas Estados com as menores taxas de desocupa\u00e7\u00e3o foram Cear\u00e1 (10,1%), Para\u00edba (11%) e Piau\u00ed (12,3%), enquanto os tr\u00eas Estados que t\u00eam as maiores taxas de desocupa\u00e7\u00e3o foram Bahia (17,4%); Alagoas (15,9%) e Pernambuco (15,5%). Veja o ranking completo logo abaixo.<\/p>\n<p>No 4\u00ba trimestre de 2018, as Unidades da Federa\u00e7\u00e3o que apresentaram as maiores taxas de desocupa\u00e7\u00e3o foram Amap\u00e1 (19,6%) e Bahia (17,4%).\u00a0\u00a0J\u00e1 as menores taxas de desocupa\u00e7\u00e3o foram observadas em Santa Catarina (6,4%), Mato Grosso (6,9%) e Mato Grosso do Sul (7,0%).<\/p>\n<p>Cen\u00e1rio regional\u00a0&#8211; Em geral, as maiores taxas de desocupa\u00e7\u00e3o foram observadas nos estados da Regi\u00e3o Nordeste, e as menores nos da Regi\u00e3o Sul. Diante disso, o Nordeste se mant\u00e9m com a maior taxa de desocupa\u00e7\u00e3o do pa\u00eds (14,4%) entre as cinco regi\u00f5es, seguido mais atr\u00e1s pelo Sudeste (12,1%). A Regi\u00e3o permanece com a terceira maior taxa (11,7%), enquanto as menores s\u00e3o das regi\u00f5es Centro-Oeste (8,5%) e Sul (7,3%), que s\u00e3o as \u00fanicas abaixo de dois d\u00edgitos.<\/p>\n<p><img decoding=\"async\" data-src=\"https:\/\/www2.pbagora.com.br\/userfiles\/images\/taxa.jpg\" alt=\"\" src=\"data:image\/svg+xml;base64,PHN2ZyB3aWR0aD0iMSIgaGVpZ2h0PSIxIiB4bWxucz0iaHR0cDovL3d3dy53My5vcmcvMjAwMC9zdmciPjwvc3ZnPg==\" class=\"lazyload\" \/><\/p>\n<p><strong><em>PB Agora<\/em><\/strong><\/p>\n<p>&nbsp;<\/p>\n<hr \/>\n<p>Leia mais not\u00edcias sobre o mundo jur\u00eddico no\u00a0<a class=\"tag-noticia\" title=\"Portal Juristas\" href=\"http:\/\/www.arjuristas.com.br\/\">Portal Juristas<\/a>. Adquira seu certificado digital E-CPF ou E-CNPJ com a Juristas. Entre em contato atrav\u00e9s do\u00a0<a class=\"link\" title=\"WhatsApp\" href=\"https:\/\/goo.gl\/db9WYG\">WhatsApp (83) 9 93826000<\/a><\/p>\n<p>&nbsp;<\/p>\n","protected":false},"excerpt":{"rendered":"<p>A Para\u00edba manteve a segunda menor taxa de desocupados entre os nove Estados da regi\u00e3o Nordeste no encerramento de 2018, segundo dados da PNAD Cont\u00ednua&hellip; <\/p>\n","protected":false},"author":1,"featured_media":86330,"comment_status":"closed","ping_status":"closed","sticky":false,"template":"","format":"standard","meta":{"sfsi_plus_gutenberg_text_before_share":"","sfsi_plus_gutenberg_show_text_before_share":"","sfsi_plus_gutenberg_icon_type":"","sfsi_plus_gutenberg_icon_alignemt":"","sfsi_plus_gutenburg_max_per_row":"","footnotes":""},"categories":[2],"tags":[],"class_list":["post-86329","post","type-post","status-publish","format-standard","has-post-thumbnail","hentry","category-geral"],"_links":{"self":[{"href":"https:\/\/www.caririemacao.com\/1\/wp-json\/wp\/v2\/posts\/86329","targetHints":{"allow":["GET"]}}],"collection":[{"href":"https:\/\/www.caririemacao.com\/1\/wp-json\/wp\/v2\/posts"}],"about":[{"href":"https:\/\/www.caririemacao.com\/1\/wp-json\/wp\/v2\/types\/post"}],"author":[{"embeddable":true,"href":"https:\/\/www.caririemacao.com\/1\/wp-json\/wp\/v2\/users\/1"}],"replies":[{"embeddable":true,"href":"https:\/\/www.caririemacao.com\/1\/wp-json\/wp\/v2\/comments?post=86329"}],"version-history":[{"count":1,"href":"https:\/\/www.caririemacao.com\/1\/wp-json\/wp\/v2\/posts\/86329\/revisions"}],"predecessor-version":[{"id":86331,"href":"https:\/\/www.caririemacao.com\/1\/wp-json\/wp\/v2\/posts\/86329\/revisions\/86331"}],"wp:featuredmedia":[{"embeddable":true,"href":"https:\/\/www.caririemacao.com\/1\/wp-json\/wp\/v2\/media\/86330"}],"wp:attachment":[{"href":"https:\/\/www.caririemacao.com\/1\/wp-json\/wp\/v2\/media?parent=86329"}],"wp:term":[{"taxonomy":"category","embeddable":true,"href":"https:\/\/www.caririemacao.com\/1\/wp-json\/wp\/v2\/categories?post=86329"},{"taxonomy":"post_tag","embeddable":true,"href":"https:\/\/www.caririemacao.com\/1\/wp-json\/wp\/v2\/tags?post=86329"}],"curies":[{"name":"wp","href":"https:\/\/api.w.org\/{rel}","templated":true}]}}