{"id":91033,"date":"2019-04-10T11:31:47","date_gmt":"2019-04-10T14:31:47","guid":{"rendered":"http:\/\/www.caririemacao.com\/1\/?p=91033"},"modified":"2019-04-10T11:31:47","modified_gmt":"2019-04-10T14:31:47","slug":"primeira-paciente-com-malaria-na-paraiba-em-2019-recebe-alta","status":"publish","type":"post","link":"https:\/\/www.caririemacao.com\/1\/2019\/04\/10\/primeira-paciente-com-malaria-na-paraiba-em-2019-recebe-alta\/","title":{"rendered":"Primeira paciente com mal\u00e1ria na Para\u00edba em 2019 recebe alta"},"content":{"rendered":"\n<p>A primeira paciente acometida de mal\u00e1ria na Para\u00edba, uma mulher de 35 anos, recebeu alta m\u00e9dica no final da tarde da \u00faltima ter\u00e7a-feira (10). Outro paciente, um senhor de 53 anos, continua est\u00e1vel e em tratamento.<\/p>\n\n\n\n<p>O primeiro caso de mal\u00e1ria registrado na Para\u00edba este ano fez acender o sinal de alerta das autoridades de sa\u00fade no Estado. O m\u00e9dico infectologista do Hapvida Jo\u00e3o Pessoa, Fernando Chagas, afirma que manter a popula\u00e7\u00e3o bem informada sobre os riscos e as formas de contamina\u00e7\u00e3o \u00e9 o primeiro passo para se evitar novos casos. O especialista destaca ainda que o uso de repelentes \u00e9 essencial, principalmente, para as pessoas que residem nos locais onde foi constatada a doen\u00e7a.<\/p>\n\n\n\n<p>De acordo com a Secretaria de Sa\u00fade do Estado, de 1994 a 2018 foram notificados 175 casos suspeitos de Mal\u00e1ria. Destes, 70 s\u00e3o de pacientes residentes na Para\u00edba e todos foram registrados como casos importados, ou seja, pessoas que se deslocaram para regi\u00f5es end\u00eamicas, foram infectadas e retornaram para o estado de resid\u00eancia. Nenhuma morte foi registrada.<br>&#8220;\u00c9 muito bom falar da mal\u00e1ria, porque \u00e9 uma doen\u00e7a com grande impacto mundial, mas com preval\u00eancia em \u00e1reas tropicais. Para evitar, o uso de repelente seria de enorme impacto na transmiss\u00e3o. Al\u00e9m do combate ao mosquito Anopheles, que \u00e9 o transmissor da mal\u00e1ria. Ent\u00e3o, a primeira grande quest\u00e3o \u00e9 ensinar a popula\u00e7\u00e3o sobre o mosquito, mostrando como identific\u00e1-lo, bem como, levar informa\u00e7\u00f5es sobre os sintomas que possivelmente apare\u00e7am&#8221;, diz o infectologista.<br>Sintomas &#8211; O m\u00e9dico explica que os sintomas da doen\u00e7a s\u00e3o febre e fraqueza, desenvolvendo-se com dor de cabe\u00e7a, dor no corpo, calafrios, acompanhados por dor abdominal, dor nas costas, tontura, n\u00e1useas e v\u00f4mitos. \u00c9 a partir da\u00ed que o profissional deve questionar o paciente sobre se ele esteve em alguma localidade com casos confirmados ou se manteve contato com algu\u00e9m infectado.<\/p>\n\n\n\n<p>Os sintomas da mal\u00e1ria n\u00e3o aparecem de imediato. Eles surgem depois de transcorrido o per\u00edodo de incuba\u00e7\u00e3o, que \u00e9 o tempo compreendido entre a penetra\u00e7\u00e3o do parasita no organismo e o aparecimento dos primeiros sintomas \u2013 o que pode levar de 7 a 14 dias, em m\u00e9dia, podendo chegar at\u00e9 60 dias. O per\u00edodo do tratamento dura de dois a sete dias.<br>De acordo com o infectologista, o diagn\u00f3stico \u00e9 feito por meio da suspeita cl\u00ednica, que \u00e9 a observa\u00e7\u00e3o dos sinais e sintomas, mas necessita do encontro dos parasitas no sangue para confirma\u00e7\u00e3o. E esse encontro, segundo o m\u00e9dico, \u00e9 feito por meio de um exame chamado &#8216;Gota Espessa&#8217;.<br>Causas &#8211; A doen\u00e7a \u00e9 causada por um protozo\u00e1rio que \u00e9 transmitido por um mosquito. Dessa forma, a infec\u00e7\u00e3o pelo Plasmodium (que \u00e9 o protozo\u00e1rio) depende de um vetor, que seria um mosquito do g\u00eanero Anopheles. Existem pelo menos 40 esp\u00e9cies que podem transmitir mal\u00e1ria. No Brasil, a esp\u00e9cie mais frequente \u00e9 o Anopheles Darlingi.<br>Prote\u00e7\u00e3o \u2013&nbsp;Al\u00e9m da informa\u00e7\u00e3o sobre a doen\u00e7a e o uso de repelentes, o infectologista alerta para outras medidas de prote\u00e7\u00e3o individual que podem ser adotadas pela popula\u00e7\u00e3o para reduzir a possibilidade da picada do mosquito transmissor da doen\u00e7a. Entre elas est\u00e3o: usar cortinados e mosquiteiros; instalar telas em portas e janelas; evitar frequentar locais pr\u00f3ximos a criadouros naturais de mosquitos, como beira de rio ou \u00e1reas alagadas; e usar cal\u00e7as e camisas de mangas compridas e cores claras\n\n<\/p>\n","protected":false},"excerpt":{"rendered":"<p>A primeira paciente acometida de mal\u00e1ria na Para\u00edba, uma mulher de 35 anos, recebeu alta m\u00e9dica no final da tarde da \u00faltima ter\u00e7a-feira (10). Outro&hellip; <\/p>\n","protected":false},"author":1,"featured_media":90733,"comment_status":"closed","ping_status":"closed","sticky":false,"template":"","format":"standard","meta":{"sfsi_plus_gutenberg_text_before_share":"","sfsi_plus_gutenberg_show_text_before_share":"","sfsi_plus_gutenberg_icon_type":"","sfsi_plus_gutenberg_icon_alignemt":"","sfsi_plus_gutenburg_max_per_row":"","footnotes":""},"categories":[16],"tags":[],"class_list":["post-91033","post","type-post","status-publish","format-standard","has-post-thumbnail","hentry","category-saude"],"_links":{"self":[{"href":"https:\/\/www.caririemacao.com\/1\/wp-json\/wp\/v2\/posts\/91033","targetHints":{"allow":["GET"]}}],"collection":[{"href":"https:\/\/www.caririemacao.com\/1\/wp-json\/wp\/v2\/posts"}],"about":[{"href":"https:\/\/www.caririemacao.com\/1\/wp-json\/wp\/v2\/types\/post"}],"author":[{"embeddable":true,"href":"https:\/\/www.caririemacao.com\/1\/wp-json\/wp\/v2\/users\/1"}],"replies":[{"embeddable":true,"href":"https:\/\/www.caririemacao.com\/1\/wp-json\/wp\/v2\/comments?post=91033"}],"version-history":[{"count":1,"href":"https:\/\/www.caririemacao.com\/1\/wp-json\/wp\/v2\/posts\/91033\/revisions"}],"predecessor-version":[{"id":91034,"href":"https:\/\/www.caririemacao.com\/1\/wp-json\/wp\/v2\/posts\/91033\/revisions\/91034"}],"wp:featuredmedia":[{"embeddable":true,"href":"https:\/\/www.caririemacao.com\/1\/wp-json\/wp\/v2\/media\/90733"}],"wp:attachment":[{"href":"https:\/\/www.caririemacao.com\/1\/wp-json\/wp\/v2\/media?parent=91033"}],"wp:term":[{"taxonomy":"category","embeddable":true,"href":"https:\/\/www.caririemacao.com\/1\/wp-json\/wp\/v2\/categories?post=91033"},{"taxonomy":"post_tag","embeddable":true,"href":"https:\/\/www.caririemacao.com\/1\/wp-json\/wp\/v2\/tags?post=91033"}],"curies":[{"name":"wp","href":"https:\/\/api.w.org\/{rel}","templated":true}]}}