{"id":91036,"date":"2019-04-10T12:38:37","date_gmt":"2019-04-10T15:38:37","guid":{"rendered":"http:\/\/www.caririemacao.com\/1\/?p=91036"},"modified":"2019-04-10T12:38:37","modified_gmt":"2019-04-10T15:38:37","slug":"entidades-estudantis-emitem-nota-de-apoio-ao-sistema-de-nucleacao-do-campo-em-sume","status":"publish","type":"post","link":"https:\/\/www.caririemacao.com\/1\/2019\/04\/10\/entidades-estudantis-emitem-nota-de-apoio-ao-sistema-de-nucleacao-do-campo-em-sume\/","title":{"rendered":"Entidades estudantis emitem nota de apoio ao sistema de nuclea\u00e7\u00e3o do campo em Sum\u00e9"},"content":{"rendered":"\n<p>A Uni\u00e3o Municipal dos Estudantes Secundaristas de Sum\u00e9 e a Uni\u00e3o Paraibana dos Estudantes Secund\u00e1rios, lan\u00e7am nota em apoio ao sistema de nuclea\u00e7\u00e3o do campo adotado pela prefeitura de Sum\u00e9.<br> Recentemente, a gest\u00e3o municipal de Sum\u00e9 adotou um sistema de nuclea\u00e7\u00e3o da educa\u00e7\u00e3o do campo no munic\u00edpio, garantindo aos estudantes, filhos de trabalhadores e trabalhadoras do campo, o acesso a uma educa\u00e7\u00e3o p\u00fablica gratuita e de qualidade.<br> A pol\u00edtica educacional sumeense foi inclusive parabenizada pela Uni\u00e3o Paraibana dos Estudantes Secund\u00e1rios (UPES) e pela Uni\u00e3o Municipal dos Estudantes Secundaristas de Sum\u00e9 (UMES) que emitiram Nota de Aplauso pelo programa inserido no munic\u00edpio. <br> \u201cA UPES e UMES vem tornar p\u00fablico os votos de confian\u00e7a as a\u00e7\u00f5es desenvolvidas pela secret\u00e1ria de educa\u00e7\u00e3o do munic\u00edpio de Sum\u00e9, destacando seu cuidado e zelo com os estudantes do campo, filhos de agricultores. Educa\u00e7\u00e3o \u00e9 investimento, n\u00e3o gasto\u201d, destacaram o presidente da UMES-Sum\u00e9, Igor de Sousa Teixeira, e o vice- presidente da UPES\/PB, Leandro Levy Ferreira Rodrigues.<\/p>\n","protected":false},"excerpt":{"rendered":"<p>A Uni\u00e3o Municipal dos Estudantes Secundaristas de Sum\u00e9 e a Uni\u00e3o Paraibana dos Estudantes Secund\u00e1rios, lan\u00e7am nota em apoio ao sistema de nuclea\u00e7\u00e3o do campo&hellip; <\/p>\n","protected":false},"author":1,"featured_media":91037,"comment_status":"closed","ping_status":"closed","sticky":false,"template":"","format":"standard","meta":{"sfsi_plus_gutenberg_text_before_share":"","sfsi_plus_gutenberg_show_text_before_share":"","sfsi_plus_gutenberg_icon_type":"","sfsi_plus_gutenberg_icon_alignemt":"","sfsi_plus_gutenburg_max_per_row":"","footnotes":""},"categories":[50,14],"tags":[],"class_list":["post-91036","post","type-post","status-publish","format-standard","has-post-thumbnail","hentry","category-destaque","category-educacao"],"_links":{"self":[{"href":"https:\/\/www.caririemacao.com\/1\/wp-json\/wp\/v2\/posts\/91036","targetHints":{"allow":["GET"]}}],"collection":[{"href":"https:\/\/www.caririemacao.com\/1\/wp-json\/wp\/v2\/posts"}],"about":[{"href":"https:\/\/www.caririemacao.com\/1\/wp-json\/wp\/v2\/types\/post"}],"author":[{"embeddable":true,"href":"https:\/\/www.caririemacao.com\/1\/wp-json\/wp\/v2\/users\/1"}],"replies":[{"embeddable":true,"href":"https:\/\/www.caririemacao.com\/1\/wp-json\/wp\/v2\/comments?post=91036"}],"version-history":[{"count":1,"href":"https:\/\/www.caririemacao.com\/1\/wp-json\/wp\/v2\/posts\/91036\/revisions"}],"predecessor-version":[{"id":91038,"href":"https:\/\/www.caririemacao.com\/1\/wp-json\/wp\/v2\/posts\/91036\/revisions\/91038"}],"wp:featuredmedia":[{"embeddable":true,"href":"https:\/\/www.caririemacao.com\/1\/wp-json\/wp\/v2\/media\/91037"}],"wp:attachment":[{"href":"https:\/\/www.caririemacao.com\/1\/wp-json\/wp\/v2\/media?parent=91036"}],"wp:term":[{"taxonomy":"category","embeddable":true,"href":"https:\/\/www.caririemacao.com\/1\/wp-json\/wp\/v2\/categories?post=91036"},{"taxonomy":"post_tag","embeddable":true,"href":"https:\/\/www.caririemacao.com\/1\/wp-json\/wp\/v2\/tags?post=91036"}],"curies":[{"name":"wp","href":"https:\/\/api.w.org\/{rel}","templated":true}]}}