{"id":91040,"date":"2019-04-10T13:00:30","date_gmt":"2019-04-10T16:00:30","guid":{"rendered":"http:\/\/www.caririemacao.com\/1\/?p=91040"},"modified":"2019-04-10T13:00:30","modified_gmt":"2019-04-10T16:00:30","slug":"mais-aprovados-em-processos-seletivos-estao-sendo-convocados-pela-prefeitura-de-sume","status":"publish","type":"post","link":"https:\/\/www.caririemacao.com\/1\/2019\/04\/10\/mais-aprovados-em-processos-seletivos-estao-sendo-convocados-pela-prefeitura-de-sume\/","title":{"rendered":"Mais aprovados em processos seletivos est\u00e3o sendo convocados pela Prefeitura de Sum\u00e9"},"content":{"rendered":"\n<p><br><\/p>\n\n\n\n<p>A Prefeitura de Sum\u00e9 est\u00e1 fazendo a convoca\u00e7\u00e3o de mais aprovados em processos seletivos.<\/p>\n\n\n\n<p>Est\u00e1 sendo convocada agora para o cargo de agente comunit\u00e1rio de sa\u00fade, micro\u00e1rea 13, do Processo Seletivo n\u00b0 09\/2018:&nbsp;<strong>Fernanda Raquel da Silva Barbosa.&nbsp;<\/strong>&nbsp;A candidata tem at\u00e9 30 dias da data de publica\u00e7\u00e3o do edital para se apresentar na Secretaria de Administra\u00e7\u00e3o da Prefeitura, no Setor de Recursos Humanos.<\/p>\n\n\n\n<p>Tamb\u00e9m est\u00e3o sendo chamados candidatos para o Programa Crian\u00e7a Feliz:&nbsp;<strong>Jos\u00e9 Rom\u00e1rio Silva Lacerda&nbsp;<\/strong>e<strong>&nbsp;Thallysson Flor\u00eancio da Silva Chaves<\/strong>. Esses candidatos tem at\u00e9 48 horas para se apresentarem no Setor de Recursos Humanos da Prefeitura.<\/p>\n\n\n\n<p>As demais convoca\u00e7\u00f5es s\u00e3o do Processo Seletivo n\u00b002\/2019 para o cargo de professor de matem\u00e1tica. As convocadas s\u00e3o: Ana Ingrid da Silva Lima e Patr\u00edcia N\u00fabia Fernandes Rom\u00e3o. As convocadas tem at\u00e9 48 horas para se apresentarem no Setor de Recursos Humanos da Prefeitura.<\/p>\n\n\n\n<p>Todas as convoca\u00e7\u00f5es est\u00e3o publicadas no Boletim Oficial do dia 09 de abril de 2019.<\/p>\n\n\n\n<p>Ascom<\/p>\n","protected":false},"excerpt":{"rendered":"<p>A Prefeitura de Sum\u00e9 est\u00e1 fazendo a convoca\u00e7\u00e3o de mais aprovados em processos seletivos. Est\u00e1 sendo convocada agora para o cargo de agente comunit\u00e1rio de&hellip; <\/p>\n","protected":false},"author":1,"featured_media":88388,"comment_status":"closed","ping_status":"closed","sticky":false,"template":"","format":"standard","meta":{"sfsi_plus_gutenberg_text_before_share":"","sfsi_plus_gutenberg_show_text_before_share":"","sfsi_plus_gutenberg_icon_type":"","sfsi_plus_gutenberg_icon_alignemt":"","sfsi_plus_gutenburg_max_per_row":"","footnotes":""},"categories":[6],"tags":[],"class_list":["post-91040","post","type-post","status-publish","format-standard","has-post-thumbnail","hentry","category-cidades"],"_links":{"self":[{"href":"https:\/\/www.caririemacao.com\/1\/wp-json\/wp\/v2\/posts\/91040","targetHints":{"allow":["GET"]}}],"collection":[{"href":"https:\/\/www.caririemacao.com\/1\/wp-json\/wp\/v2\/posts"}],"about":[{"href":"https:\/\/www.caririemacao.com\/1\/wp-json\/wp\/v2\/types\/post"}],"author":[{"embeddable":true,"href":"https:\/\/www.caririemacao.com\/1\/wp-json\/wp\/v2\/users\/1"}],"replies":[{"embeddable":true,"href":"https:\/\/www.caririemacao.com\/1\/wp-json\/wp\/v2\/comments?post=91040"}],"version-history":[{"count":1,"href":"https:\/\/www.caririemacao.com\/1\/wp-json\/wp\/v2\/posts\/91040\/revisions"}],"predecessor-version":[{"id":91041,"href":"https:\/\/www.caririemacao.com\/1\/wp-json\/wp\/v2\/posts\/91040\/revisions\/91041"}],"wp:featuredmedia":[{"embeddable":true,"href":"https:\/\/www.caririemacao.com\/1\/wp-json\/wp\/v2\/media\/88388"}],"wp:attachment":[{"href":"https:\/\/www.caririemacao.com\/1\/wp-json\/wp\/v2\/media?parent=91040"}],"wp:term":[{"taxonomy":"category","embeddable":true,"href":"https:\/\/www.caririemacao.com\/1\/wp-json\/wp\/v2\/categories?post=91040"},{"taxonomy":"post_tag","embeddable":true,"href":"https:\/\/www.caririemacao.com\/1\/wp-json\/wp\/v2\/tags?post=91040"}],"curies":[{"name":"wp","href":"https:\/\/api.w.org\/{rel}","templated":true}]}}