{"id":91044,"date":"2019-04-10T13:02:46","date_gmt":"2019-04-10T16:02:46","guid":{"rendered":"http:\/\/www.caririemacao.com\/1\/?p=91044"},"modified":"2019-04-10T13:02:46","modified_gmt":"2019-04-10T16:02:46","slug":"escola-padre-paulo-incia-ensino-em-tempo-integral","status":"publish","type":"post","link":"https:\/\/www.caririemacao.com\/1\/2019\/04\/10\/escola-padre-paulo-incia-ensino-em-tempo-integral\/","title":{"rendered":"Escola Padre Paulo incia ensino em tempo integral"},"content":{"rendered":"\n<p>A Escola Municipal Padre Paulo Roberto que oferece do 6\u00ba ao 9\u00ba ano, iniciou as atividades de ensino em tempo integral no munic\u00edpio. Os estudantes tem agora, al\u00e9m das disciplinas j\u00e1 ofertadas, contato com atividades de cultura, arte, esporte, ci\u00eancia e tecnologia.<br>\nA Escola conta hoje com 145 alunos. De acordo com a diretora, Poliana Costa, deste o in\u00edcio do ano que a institui\u00e7\u00e3o vinha se planejando para implementar o sistema integral. <br>\n\u201cEduca\u00e7\u00e3o integral n\u00e3o significa simplesmente que o aluno passa mais tempo na escola. \u00c9 muito mais do que isso. Nessa modalidade, ele convive com m\u00faltiplas oportunidades de aprendizagem. O ensino integral est\u00e1 tento uma boa aceita\u00e7\u00e3o, em rela\u00e7\u00e3o ao diferencial das aulas, alimenta\u00e7\u00e3o e atividades complementares que ser\u00e3o ofertadas\u201d, disse. <br>\nO aluno Geovane Lopes, 11 anos, frequenta o 6\u00ba ano e afirmou que est\u00e1 muito feliz com o sistema integral. \u201cSuperou bastante as expectativas, est\u00e1 sendo muito legal, temos mais tempo para estudar, realizar outros projetos, sem contar na alimenta\u00e7\u00e3o que \u00e9 uma del\u00edcia\u201d. declarou. <\/p>\n\n\n\n<p>Ascom<\/p>\n","protected":false},"excerpt":{"rendered":"<p>A Escola Municipal Padre Paulo Roberto que oferece do 6\u00ba ao 9\u00ba ano, iniciou as atividades de ensino em tempo integral no munic\u00edpio. Os estudantes&hellip; <\/p>\n","protected":false},"author":1,"featured_media":91046,"comment_status":"closed","ping_status":"closed","sticky":false,"template":"","format":"standard","meta":{"sfsi_plus_gutenberg_text_before_share":"","sfsi_plus_gutenberg_show_text_before_share":"","sfsi_plus_gutenberg_icon_type":"","sfsi_plus_gutenberg_icon_alignemt":"","sfsi_plus_gutenburg_max_per_row":"","footnotes":""},"categories":[2],"tags":[],"class_list":["post-91044","post","type-post","status-publish","format-standard","has-post-thumbnail","hentry","category-geral"],"_links":{"self":[{"href":"https:\/\/www.caririemacao.com\/1\/wp-json\/wp\/v2\/posts\/91044","targetHints":{"allow":["GET"]}}],"collection":[{"href":"https:\/\/www.caririemacao.com\/1\/wp-json\/wp\/v2\/posts"}],"about":[{"href":"https:\/\/www.caririemacao.com\/1\/wp-json\/wp\/v2\/types\/post"}],"author":[{"embeddable":true,"href":"https:\/\/www.caririemacao.com\/1\/wp-json\/wp\/v2\/users\/1"}],"replies":[{"embeddable":true,"href":"https:\/\/www.caririemacao.com\/1\/wp-json\/wp\/v2\/comments?post=91044"}],"version-history":[{"count":1,"href":"https:\/\/www.caririemacao.com\/1\/wp-json\/wp\/v2\/posts\/91044\/revisions"}],"predecessor-version":[{"id":91047,"href":"https:\/\/www.caririemacao.com\/1\/wp-json\/wp\/v2\/posts\/91044\/revisions\/91047"}],"wp:featuredmedia":[{"embeddable":true,"href":"https:\/\/www.caririemacao.com\/1\/wp-json\/wp\/v2\/media\/91046"}],"wp:attachment":[{"href":"https:\/\/www.caririemacao.com\/1\/wp-json\/wp\/v2\/media?parent=91044"}],"wp:term":[{"taxonomy":"category","embeddable":true,"href":"https:\/\/www.caririemacao.com\/1\/wp-json\/wp\/v2\/categories?post=91044"},{"taxonomy":"post_tag","embeddable":true,"href":"https:\/\/www.caririemacao.com\/1\/wp-json\/wp\/v2\/tags?post=91044"}],"curies":[{"name":"wp","href":"https:\/\/api.w.org\/{rel}","templated":true}]}}