{"id":91051,"date":"2019-04-10T13:12:03","date_gmt":"2019-04-10T16:12:03","guid":{"rendered":"http:\/\/www.caririemacao.com\/1\/?p=91051"},"modified":"2019-04-10T13:12:03","modified_gmt":"2019-04-10T16:12:03","slug":"ipesq-revela-dificuldades-e-faz-apelo-por-doacoes-para-tratamento-da-microcefalia","status":"publish","type":"post","link":"https:\/\/www.caririemacao.com\/1\/2019\/04\/10\/ipesq-revela-dificuldades-e-faz-apelo-por-doacoes-para-tratamento-da-microcefalia\/","title":{"rendered":"Ipesq revela dificuldades e faz apelo por doa\u00e7\u00f5es para tratamento da microcefalia"},"content":{"rendered":"\n<p><br>O Instituto de Pesquisa Professor Joaquim Amorim Neto (Ipesq) em Campina Grande, que, atualmente, trata de 140 crian\u00e7as com microcefalia na cidade, tem passado por dificuldades em rela\u00e7\u00e3o aos insumos necess\u00e1rios para o atendimento.<\/p>\n\n\n\n<p>Em entrevista nesta quarta-feira, 10, o gerente administrativo do Ipesq, Romero Moreira, afirmou que a institui\u00e7\u00e3o n\u00e3o tem nenhum conv\u00eanio com o poder p\u00fablico e que, por isso, depende das doa\u00e7\u00f5es das pessoas.<\/p>\n\n\n\n<p>Segundo ele, as pessoas que puderem ajudar podem estar doando fraldas descart\u00e1veis do tamanho XG e XXG, pois as crian\u00e7as atendidas t\u00eam por volta de tr\u00eas anos, e leite.<\/p>\n\n\n\n<figure class=\"wp-block-image\"><img decoding=\"async\" data-src=\"https:\/\/paraibaonline.com.br\/wp-content\/uploads\/2016\/03\/MICROCEFALIA.jpg\" alt=\"Foto: Ag\u00eancia Brasil\" class=\"wp-image-48232 lazyload\" src=\"data:image\/svg+xml;base64,PHN2ZyB3aWR0aD0iMSIgaGVpZ2h0PSIxIiB4bWxucz0iaHR0cDovL3d3dy53My5vcmcvMjAwMC9zdmciPjwvc3ZnPg==\" \/><\/figure>\n\n\n\n<p>Foto ilustrativa: Ag\u00eancia Brasil<\/p>\n\n\n\n<p>As crian\u00e7as atendidas no Ipesq n\u00e3o s\u00e3o apenas de Campina Grande, mas tamb\u00e9m de outras cidades da Para\u00edba e de outros estados, bem como uma crian\u00e7a que veio de Angola para ser tratada.<\/p>\n\n\n\n<p>\u2013 O Ipesq tem feito um trabalho pioneiro, onde faz as pesquisas, ap\u00f3s a descoberta da doutora Adriana Melo, em parceria com as universidades do Brasil e de outros lugares do mundo. Temos estudado a melhor forma de tratar essas crian\u00e7as e ofertado, na medida do poss\u00edvel, um tratamento baseado no que a ci\u00eancia indica. As crian\u00e7as que por aqui passam e as fam\u00edlias t\u00eam tido resultados bons. A microcefalia \u00e9 uma doen\u00e7a s\u00e9ria e severa, que precisa de muitos cuidados. O Ipesq n\u00e3o tem recursos p\u00fablicos e vive de doa\u00e7\u00f5es. A sociedade tem contribu\u00eddo, mas n\u00e3o podemos baixar a guarda e estamos pedindo que a popula\u00e7\u00e3o continue a nos apoiar, pois s\u00e3o muitas crian\u00e7as e muitas dificuldades \u2013 refor\u00e7ou.<\/p>\n\n\n\n<p>O Ipesq oferece \u00e0s crian\u00e7as com microcefalia servi\u00e7os de fisioterapia, fonoaudiologia, nutri\u00e7\u00e3o, acompanhamento m\u00e9dico de todas as especialidades, al\u00e9m de kits de higiene, com fraldas e kit dental, e alimenta\u00e7\u00e3o, j\u00e1 que algumas precisam de comidas espec\u00edficas.<\/p>\n\n\n\n<p>Para doar ou entrar em contato com o Ipesq os interessados podem ligar para o n\u00famero (83) 3201-0403, ou atrav\u00e9s dos sites:&nbsp;<a href=\"http:\/\/wwww.amorsemdimensoes.com.br\/\" target=\"_blank\" rel=\"noreferrer noopener\">wwww.amorsemdimensoes.com.br<\/a>&nbsp;e&nbsp;<a href=\"http:\/\/www.fraternidadesemfronteira.org.br\/\" target=\"_blank\" rel=\"noreferrer noopener\">www.fraternidadesemfronteira.org.br<\/a>&nbsp;, onde as doa\u00e7\u00f5es podem ser feitas atrav\u00e9s de cart\u00e3o de cr\u00e9dito e transa\u00e7\u00f5es banc\u00e1rias.<\/p>\n\n\n\n<p>*Informa\u00e7\u00f5es da Correio FM<\/p>\n","protected":false},"excerpt":{"rendered":"<p>O Instituto de Pesquisa Professor Joaquim Amorim Neto (Ipesq) em Campina Grande, que, atualmente, trata de 140 crian\u00e7as com microcefalia na cidade, tem passado por&hellip; <\/p>\n","protected":false},"author":1,"featured_media":91052,"comment_status":"closed","ping_status":"closed","sticky":false,"template":"","format":"standard","meta":{"sfsi_plus_gutenberg_text_before_share":"","sfsi_plus_gutenberg_show_text_before_share":"","sfsi_plus_gutenberg_icon_type":"","sfsi_plus_gutenberg_icon_alignemt":"","sfsi_plus_gutenburg_max_per_row":"","footnotes":""},"categories":[16],"tags":[],"class_list":["post-91051","post","type-post","status-publish","format-standard","has-post-thumbnail","hentry","category-saude"],"_links":{"self":[{"href":"https:\/\/www.caririemacao.com\/1\/wp-json\/wp\/v2\/posts\/91051","targetHints":{"allow":["GET"]}}],"collection":[{"href":"https:\/\/www.caririemacao.com\/1\/wp-json\/wp\/v2\/posts"}],"about":[{"href":"https:\/\/www.caririemacao.com\/1\/wp-json\/wp\/v2\/types\/post"}],"author":[{"embeddable":true,"href":"https:\/\/www.caririemacao.com\/1\/wp-json\/wp\/v2\/users\/1"}],"replies":[{"embeddable":true,"href":"https:\/\/www.caririemacao.com\/1\/wp-json\/wp\/v2\/comments?post=91051"}],"version-history":[{"count":1,"href":"https:\/\/www.caririemacao.com\/1\/wp-json\/wp\/v2\/posts\/91051\/revisions"}],"predecessor-version":[{"id":91053,"href":"https:\/\/www.caririemacao.com\/1\/wp-json\/wp\/v2\/posts\/91051\/revisions\/91053"}],"wp:featuredmedia":[{"embeddable":true,"href":"https:\/\/www.caririemacao.com\/1\/wp-json\/wp\/v2\/media\/91052"}],"wp:attachment":[{"href":"https:\/\/www.caririemacao.com\/1\/wp-json\/wp\/v2\/media?parent=91051"}],"wp:term":[{"taxonomy":"category","embeddable":true,"href":"https:\/\/www.caririemacao.com\/1\/wp-json\/wp\/v2\/categories?post=91051"},{"taxonomy":"post_tag","embeddable":true,"href":"https:\/\/www.caririemacao.com\/1\/wp-json\/wp\/v2\/tags?post=91051"}],"curies":[{"name":"wp","href":"https:\/\/api.w.org\/{rel}","templated":true}]}}