{"id":91060,"date":"2019-04-10T14:02:29","date_gmt":"2019-04-10T17:02:29","guid":{"rendered":"http:\/\/www.caririemacao.com\/1\/?p=91060"},"modified":"2019-04-10T14:02:29","modified_gmt":"2019-04-10T17:02:29","slug":"radares-voltam-a-ser-instalados-na-paraiba-sem-gerar-multas-e-contrato-custara-r-59-milhoes","status":"publish","type":"post","link":"https:\/\/www.caririemacao.com\/1\/2019\/04\/10\/radares-voltam-a-ser-instalados-na-paraiba-sem-gerar-multas-e-contrato-custara-r-59-milhoes\/","title":{"rendered":"Radares voltam a ser instalados na Para\u00edba sem gerar multas e contrato custar\u00e1 R$ 59 milh\u00f5es"},"content":{"rendered":"\n<p>O Departamento Nacional de Infraestrutura de Transportes (Dnit) retomou as instala\u00e7\u00f5es de lombadas e radares eletr\u00f4nicos nas rodovias federais da Para\u00edba. Somente na BR-230, no trecho de Jo\u00e3o Pessoa\/Cabedelo e Cabedelo\/Jo\u00e3o Pessoa est\u00e3o sendo instalados 10 equipamentos em cinco pontos da rodovia. A novidade \u00e9 que depois da declara\u00e7\u00e3o do presidente Jair Bolsonaro, os equipamentos n\u00e3o v\u00e3o gerar autos de infra\u00e7\u00e3o, embora o contrato com a empresa que vai instalar os equipamentos esteja custando R$ 59 milh\u00f5es somente na Para\u00edba.<\/p>\n\n\n\n<p>Por outro lado, de acordo com o Dnit, os radares eletr\u00f4nicos do Sert\u00e3o j\u00e1 est\u00e3o autuando, uma vez que foram instalados antes da declara\u00e7\u00e3o do presidente Jair Bolsonaro, segundo explicou o Dnit, ser\u00e3o instaladas e em opera\u00e7\u00e3o no Sert\u00e3o da Para\u00edba um total de 31 equipamentos, distribu\u00eddos em seis rodovias, entre Patos e Cajazeiras.<\/p>\n\n\n\n<p>O presidente Jair Bolsonaro anunciou, no dia 31 de mar\u00e7o, pelo Twitter, que cancelou os pedidos de instala\u00e7\u00e3o de radares eletr\u00f4nicos nas rodovias federais. Ele n\u00e3o detalhou em quais estados determinou o cancelamento. No entanto, na Para\u00edba j\u00e1 estava prevista a instala\u00e7\u00e3o de 115 equipamentos novos, al\u00e9m da substitui\u00e7\u00e3o de outros 71, contrato que custar\u00e1 R$ 59 milh\u00f5es.<\/p>\n\n\n\n<p>Segundo o Dnit, os equipamentos que est\u00e3o sendo instalados depois da declara\u00e7\u00e3o de Bolsonaro n\u00e3o v\u00e3o gerar autos de infra\u00e7\u00e3o at\u00e9 que haja uma posi\u00e7\u00e3o do governo federal, inclusive, sobre a perman\u00eancia ou n\u00e3o dos equipamentos nas rodovias da Para\u00edba.<\/p>\n\n\n\n<p>A pr\u00f3xima fase, segundo o \u00f3rg\u00e3o na Para\u00edba, ser\u00e1 a implanta\u00e7\u00e3o dos radares e lombadas na BR-101. Ao todo, o contrato prev\u00ea a instala\u00e7\u00e3o de 186 equipamentos, entre lombadas e radares, com previs\u00e3o de conclus\u00e3o at\u00e9 julho.<\/p>\n\n\n\n<p><em>Com Click PB<\/em><\/p>\n","protected":false},"excerpt":{"rendered":"<p>O Departamento Nacional de Infraestrutura de Transportes (Dnit) retomou as instala\u00e7\u00f5es de lombadas e radares eletr\u00f4nicos nas rodovias federais da Para\u00edba. Somente na BR-230, no&hellip; <\/p>\n","protected":false},"author":1,"featured_media":91061,"comment_status":"closed","ping_status":"closed","sticky":false,"template":"","format":"standard","meta":{"sfsi_plus_gutenberg_text_before_share":"","sfsi_plus_gutenberg_show_text_before_share":"","sfsi_plus_gutenberg_icon_type":"","sfsi_plus_gutenberg_icon_alignemt":"","sfsi_plus_gutenburg_max_per_row":"","footnotes":""},"categories":[2],"tags":[],"class_list":["post-91060","post","type-post","status-publish","format-standard","has-post-thumbnail","hentry","category-geral"],"_links":{"self":[{"href":"https:\/\/www.caririemacao.com\/1\/wp-json\/wp\/v2\/posts\/91060","targetHints":{"allow":["GET"]}}],"collection":[{"href":"https:\/\/www.caririemacao.com\/1\/wp-json\/wp\/v2\/posts"}],"about":[{"href":"https:\/\/www.caririemacao.com\/1\/wp-json\/wp\/v2\/types\/post"}],"author":[{"embeddable":true,"href":"https:\/\/www.caririemacao.com\/1\/wp-json\/wp\/v2\/users\/1"}],"replies":[{"embeddable":true,"href":"https:\/\/www.caririemacao.com\/1\/wp-json\/wp\/v2\/comments?post=91060"}],"version-history":[{"count":1,"href":"https:\/\/www.caririemacao.com\/1\/wp-json\/wp\/v2\/posts\/91060\/revisions"}],"predecessor-version":[{"id":91062,"href":"https:\/\/www.caririemacao.com\/1\/wp-json\/wp\/v2\/posts\/91060\/revisions\/91062"}],"wp:featuredmedia":[{"embeddable":true,"href":"https:\/\/www.caririemacao.com\/1\/wp-json\/wp\/v2\/media\/91061"}],"wp:attachment":[{"href":"https:\/\/www.caririemacao.com\/1\/wp-json\/wp\/v2\/media?parent=91060"}],"wp:term":[{"taxonomy":"category","embeddable":true,"href":"https:\/\/www.caririemacao.com\/1\/wp-json\/wp\/v2\/categories?post=91060"},{"taxonomy":"post_tag","embeddable":true,"href":"https:\/\/www.caririemacao.com\/1\/wp-json\/wp\/v2\/tags?post=91060"}],"curies":[{"name":"wp","href":"https:\/\/api.w.org\/{rel}","templated":true}]}}