{"id":91063,"date":"2019-04-10T14:14:44","date_gmt":"2019-04-10T17:14:44","guid":{"rendered":"http:\/\/www.caririemacao.com\/1\/?p=91063"},"modified":"2019-04-10T14:14:44","modified_gmt":"2019-04-10T17:14:44","slug":"enfermeira-e-presa-por-estuprar-paciente-com-paralisia","status":"publish","type":"post","link":"https:\/\/www.caririemacao.com\/1\/2019\/04\/10\/enfermeira-e-presa-por-estuprar-paciente-com-paralisia\/","title":{"rendered":"Enfermeira \u00e9 presa por estuprar paciente com paralisia"},"content":{"rendered":"\n<p>A Justi\u00e7a do Distrito Federal determinou a pris\u00e3o preventiva de uma enfermeira de 36 anos suspeita de estuprar um paciente de 54 anos. O homem, portador de&nbsp;c (uma doen\u00e7a degenerativa que provoca paralisia) s\u00f3 se comunica pelo olhar. Ele relatou os abusos por meio de um equipamento que permite a forma\u00e7\u00e3o de palavras pelo movimento dos olhos.<\/p>\n\n\n\n<p>A 23\u00aa Delegacia de Pol\u00edcia, em Ceil\u00e2ndia, recebeu a den\u00fancia da fam\u00edlia da v\u00edtima em fevereiro deste ano, e iniciou a investiga\u00e7\u00e3o a partir da coleta de informa\u00e7\u00f5es com o paciente.<\/p>\n\n\n\n<p>Segundo delegado-adjunto Maur\u00edcio Iacozzilli, a enfermeira atuava no local desde 2015, sempre no turno da noite. Durante dois meses, ela deixou de dar a medica\u00e7\u00e3o para a v\u00edtima dormir para praticar os abusos, que n\u00e3o eram percebidos pela fam\u00edlia.<\/p>\n\n\n\n<p>A suspeita nega as acusa\u00e7\u00f5es, mas foi\u00a0presa em sua casa, na tarde de ter\u00e7a-feira (9).\u00a0A Pol\u00edcia Civil a\u00a0indiciou pelo crime de estupro de vulner\u00e1vel e continuar\u00e1 detida at\u00e9 a audi\u00eancia do caso. Em caso de condena\u00e7\u00e3o, ele pode cumprir pena de at\u00e9 15anos de pris\u00e3o.<\/p>\n\n\n\n<p>G1<\/p>\n","protected":false},"excerpt":{"rendered":"<p>A Justi\u00e7a do Distrito Federal determinou a pris\u00e3o preventiva de uma enfermeira de 36 anos suspeita de estuprar um paciente de 54 anos. O homem,&hellip; <\/p>\n","protected":false},"author":1,"featured_media":91064,"comment_status":"closed","ping_status":"closed","sticky":false,"template":"","format":"standard","meta":{"sfsi_plus_gutenberg_text_before_share":"","sfsi_plus_gutenberg_show_text_before_share":"","sfsi_plus_gutenberg_icon_type":"","sfsi_plus_gutenberg_icon_alignemt":"","sfsi_plus_gutenburg_max_per_row":"","footnotes":""},"categories":[12],"tags":[],"class_list":["post-91063","post","type-post","status-publish","format-standard","has-post-thumbnail","hentry","category-policia"],"_links":{"self":[{"href":"https:\/\/www.caririemacao.com\/1\/wp-json\/wp\/v2\/posts\/91063","targetHints":{"allow":["GET"]}}],"collection":[{"href":"https:\/\/www.caririemacao.com\/1\/wp-json\/wp\/v2\/posts"}],"about":[{"href":"https:\/\/www.caririemacao.com\/1\/wp-json\/wp\/v2\/types\/post"}],"author":[{"embeddable":true,"href":"https:\/\/www.caririemacao.com\/1\/wp-json\/wp\/v2\/users\/1"}],"replies":[{"embeddable":true,"href":"https:\/\/www.caririemacao.com\/1\/wp-json\/wp\/v2\/comments?post=91063"}],"version-history":[{"count":1,"href":"https:\/\/www.caririemacao.com\/1\/wp-json\/wp\/v2\/posts\/91063\/revisions"}],"predecessor-version":[{"id":91065,"href":"https:\/\/www.caririemacao.com\/1\/wp-json\/wp\/v2\/posts\/91063\/revisions\/91065"}],"wp:featuredmedia":[{"embeddable":true,"href":"https:\/\/www.caririemacao.com\/1\/wp-json\/wp\/v2\/media\/91064"}],"wp:attachment":[{"href":"https:\/\/www.caririemacao.com\/1\/wp-json\/wp\/v2\/media?parent=91063"}],"wp:term":[{"taxonomy":"category","embeddable":true,"href":"https:\/\/www.caririemacao.com\/1\/wp-json\/wp\/v2\/categories?post=91063"},{"taxonomy":"post_tag","embeddable":true,"href":"https:\/\/www.caririemacao.com\/1\/wp-json\/wp\/v2\/tags?post=91063"}],"curies":[{"name":"wp","href":"https:\/\/api.w.org\/{rel}","templated":true}]}}