{"id":91074,"date":"2019-04-10T16:47:27","date_gmt":"2019-04-10T19:47:27","guid":{"rendered":"http:\/\/www.caririemacao.com\/1\/?p=91074"},"modified":"2019-04-10T16:47:27","modified_gmt":"2019-04-10T19:47:27","slug":"tjpb-decide-que-municipios-terao-de-fazer-concurso-publico-para-contratar-servidores-nao-temporarios","status":"publish","type":"post","link":"https:\/\/www.caririemacao.com\/1\/2019\/04\/10\/tjpb-decide-que-municipios-terao-de-fazer-concurso-publico-para-contratar-servidores-nao-temporarios\/","title":{"rendered":"TJPB decide que munic\u00edpios ter\u00e3o de fazer concurso p\u00fablico para contratar servidores n\u00e3o-tempor\u00e1rios"},"content":{"rendered":"\n<p>Durante a sess\u00e3o ordin\u00e1ria desta quarta-feira (10), o Pleno do Tribunal de Justi\u00e7a da Para\u00edba reconheceu, por unanimidade, a inconstitucionalidade do artigo 1\u00ba da Lei n\u00ba 031\/1998 do Munic\u00edpio de Sossego, que autorizava a contrata\u00e7\u00e3o tempor\u00e1ria de professores para atender \u00e0s necessidades essenciais daquela municipalidade.&nbsp;<\/p>\n\n\n\n<p>A decis\u00e3o, com efeitos&nbsp;<em>ex nunc<\/em>&nbsp;(a partir de agora), foi do desembargador Jos\u00e9 Ricardo Porto.<\/p>\n\n\n\n<p>No pedido, o Minist\u00e9rio P\u00fablico estadual alegou que a contrata\u00e7\u00e3o de servidor p\u00fablico sem concurso, segundo as normas constitucionais, s\u00f3 pode ocorrer para suprir situa\u00e7\u00e3o emergencial fora do comum, imprevis\u00edvel e em car\u00e1ter tempor\u00e1rio, com prazo restrito \u00e0 satisfa\u00e7\u00e3o da necessidade do interesse coletivo.&nbsp;<\/p>\n\n\n\n<p>Aduziu, ainda, que a Lei Municipal elenca hip\u00f3tese de contrata\u00e7\u00e3o tempor\u00e1ria para \u00e1rea permanente, cujo preenchimento deve ocorrer por meio de certame.<\/p>\n\n\n\n<p>No voto, o desembargador Ricardo Porto ressaltou que \u00e9 de se reconhecer a inconstitucionalidade do artigo 1\u00ba da referida Lei do Munic\u00edpio de Sossego, pois colide com a Constitui\u00e7\u00e3o Estadual, uma vez que institui contrata\u00e7\u00e3o tempor\u00e1ria para o desempenho da fun\u00e7\u00e3o de professor, cuja necessidade \u00e9 permanente e deve ser preenchida por meio de concurso p\u00fablico.<\/p>\n\n\n\n<p>\u201cPela leitura do artigo 1\u00ba da referida norma, constata-se que o legislador mirim elencou hip\u00f3tese de contrata\u00e7\u00e3o sem concurso p\u00fablico, para \u00e1rea de atua\u00e7\u00e3o estatal (Educa\u00e7\u00e3o) cuja necessidade \u00e9 permanente, e n\u00e3o tempor\u00e1ria, devendo ser suprida atrav\u00e9s de concurso p\u00fablico\u201d, disse o relator.<\/p>\n","protected":false},"excerpt":{"rendered":"<p>Durante a sess\u00e3o ordin\u00e1ria desta quarta-feira (10), o Pleno do Tribunal de Justi\u00e7a da Para\u00edba reconheceu, por unanimidade, a inconstitucionalidade do artigo 1\u00ba da Lei&hellip; <\/p>\n","protected":false},"author":1,"featured_media":8499,"comment_status":"closed","ping_status":"closed","sticky":false,"template":"","format":"standard","meta":{"sfsi_plus_gutenberg_text_before_share":"","sfsi_plus_gutenberg_show_text_before_share":"","sfsi_plus_gutenberg_icon_type":"","sfsi_plus_gutenberg_icon_alignemt":"","sfsi_plus_gutenburg_max_per_row":"","footnotes":""},"categories":[2],"tags":[],"class_list":["post-91074","post","type-post","status-publish","format-standard","has-post-thumbnail","hentry","category-geral"],"_links":{"self":[{"href":"https:\/\/www.caririemacao.com\/1\/wp-json\/wp\/v2\/posts\/91074","targetHints":{"allow":["GET"]}}],"collection":[{"href":"https:\/\/www.caririemacao.com\/1\/wp-json\/wp\/v2\/posts"}],"about":[{"href":"https:\/\/www.caririemacao.com\/1\/wp-json\/wp\/v2\/types\/post"}],"author":[{"embeddable":true,"href":"https:\/\/www.caririemacao.com\/1\/wp-json\/wp\/v2\/users\/1"}],"replies":[{"embeddable":true,"href":"https:\/\/www.caririemacao.com\/1\/wp-json\/wp\/v2\/comments?post=91074"}],"version-history":[{"count":1,"href":"https:\/\/www.caririemacao.com\/1\/wp-json\/wp\/v2\/posts\/91074\/revisions"}],"predecessor-version":[{"id":91075,"href":"https:\/\/www.caririemacao.com\/1\/wp-json\/wp\/v2\/posts\/91074\/revisions\/91075"}],"wp:featuredmedia":[{"embeddable":true,"href":"https:\/\/www.caririemacao.com\/1\/wp-json\/wp\/v2\/media\/8499"}],"wp:attachment":[{"href":"https:\/\/www.caririemacao.com\/1\/wp-json\/wp\/v2\/media?parent=91074"}],"wp:term":[{"taxonomy":"category","embeddable":true,"href":"https:\/\/www.caririemacao.com\/1\/wp-json\/wp\/v2\/categories?post=91074"},{"taxonomy":"post_tag","embeddable":true,"href":"https:\/\/www.caririemacao.com\/1\/wp-json\/wp\/v2\/tags?post=91074"}],"curies":[{"name":"wp","href":"https:\/\/api.w.org\/{rel}","templated":true}]}}