{"id":91081,"date":"2019-04-10T20:06:13","date_gmt":"2019-04-10T23:06:13","guid":{"rendered":"http:\/\/www.caririemacao.com\/1\/?p=91081"},"modified":"2019-04-10T20:06:13","modified_gmt":"2019-04-10T23:06:13","slug":"prefeitura-de-sao-jose-dos-cordeiros-recebe-onibus-escolar-num-investimento-de-quase-300-mil","status":"publish","type":"post","link":"https:\/\/www.caririemacao.com\/1\/2019\/04\/10\/prefeitura-de-sao-jose-dos-cordeiros-recebe-onibus-escolar-num-investimento-de-quase-300-mil\/","title":{"rendered":"Prefeitura de S\u00e3o Jos\u00e9 dos Cordeiros recebe \u00f4nibus escolar num investimento de quase 300 mil"},"content":{"rendered":"\n<p>O munic\u00edpio de S\u00e3o Jos\u00e9 dos Cordeiros acaba de receber um novo \u00f4nibus escolar para sua frota de ve\u00edculos. O carro tem capacidade para 31 passageiros e foi uma solicita\u00e7\u00e3o da gest\u00e3o municipal atrav\u00e9s do Plano de A\u00e7\u00f5es Articuladas do Minist\u00e9rio da Educa\u00e7\u00e3o.<\/p>\n\n\n\n<p>O \u00f4nibus representou um investimento de R$ 271.500,00 e foi adquirido por meio do programa Caminhos da Escola. Segundo o prefeito Jefferson Roberto, o benef\u00edcio chegou ao munic\u00edpio com a colabora\u00e7\u00e3o do deputado Welington Roberto, que pressionou o MEC para a garantia do ve\u00edculo.<\/p>\n\n\n\n<p>Jefferson Roberto parabenizou a gest\u00e3o da educa\u00e7\u00e3o do munic\u00edpio, na pessoa da secret\u00e1ria Fl\u00e1via Dowsley, e agradeceu o compromisso do deputado Welington por sempre est\u00e1 atento as necessidade e reivindica\u00e7\u00f5es de S\u00e3o Jos\u00e9 dos Cordeiros. O gestor aproveitou para destacar a import\u00e2ncia da aquisi\u00e7\u00e3o do novo \u00f4nibus na pol\u00edtica de melhoria do ensino no munic\u00edpio.<\/p>\n\n\n\n<p>\u201cEduca\u00e7\u00e3o se faz com investimentos. Quando recebemos um novo \u00f4nibus escolar estamos oportunizando condi\u00e7\u00f5es mais adequadas para o transporte de nossas crian\u00e7as e adolescentes, especialmente da zona rural, e assim estamos construindo uma educa\u00e7\u00e3o mais s\u00f3lida e com melhores resultados\u201d, destacou Jefferson.<\/p>\n","protected":false},"excerpt":{"rendered":"<p>O munic\u00edpio de S\u00e3o Jos\u00e9 dos Cordeiros acaba de receber um novo \u00f4nibus escolar para sua frota de ve\u00edculos. O carro tem capacidade para 31&hellip; <\/p>\n","protected":false},"author":1,"featured_media":91082,"comment_status":"closed","ping_status":"closed","sticky":false,"template":"","format":"standard","meta":{"sfsi_plus_gutenberg_text_before_share":"","sfsi_plus_gutenberg_show_text_before_share":"","sfsi_plus_gutenberg_icon_type":"","sfsi_plus_gutenberg_icon_alignemt":"","sfsi_plus_gutenburg_max_per_row":"","footnotes":""},"categories":[6],"tags":[],"class_list":["post-91081","post","type-post","status-publish","format-standard","has-post-thumbnail","hentry","category-cidades"],"_links":{"self":[{"href":"https:\/\/www.caririemacao.com\/1\/wp-json\/wp\/v2\/posts\/91081","targetHints":{"allow":["GET"]}}],"collection":[{"href":"https:\/\/www.caririemacao.com\/1\/wp-json\/wp\/v2\/posts"}],"about":[{"href":"https:\/\/www.caririemacao.com\/1\/wp-json\/wp\/v2\/types\/post"}],"author":[{"embeddable":true,"href":"https:\/\/www.caririemacao.com\/1\/wp-json\/wp\/v2\/users\/1"}],"replies":[{"embeddable":true,"href":"https:\/\/www.caririemacao.com\/1\/wp-json\/wp\/v2\/comments?post=91081"}],"version-history":[{"count":1,"href":"https:\/\/www.caririemacao.com\/1\/wp-json\/wp\/v2\/posts\/91081\/revisions"}],"predecessor-version":[{"id":91083,"href":"https:\/\/www.caririemacao.com\/1\/wp-json\/wp\/v2\/posts\/91081\/revisions\/91083"}],"wp:featuredmedia":[{"embeddable":true,"href":"https:\/\/www.caririemacao.com\/1\/wp-json\/wp\/v2\/media\/91082"}],"wp:attachment":[{"href":"https:\/\/www.caririemacao.com\/1\/wp-json\/wp\/v2\/media?parent=91081"}],"wp:term":[{"taxonomy":"category","embeddable":true,"href":"https:\/\/www.caririemacao.com\/1\/wp-json\/wp\/v2\/categories?post=91081"},{"taxonomy":"post_tag","embeddable":true,"href":"https:\/\/www.caririemacao.com\/1\/wp-json\/wp\/v2\/tags?post=91081"}],"curies":[{"name":"wp","href":"https:\/\/api.w.org\/{rel}","templated":true}]}}