{"id":91089,"date":"2019-04-11T08:58:30","date_gmt":"2019-04-11T11:58:30","guid":{"rendered":"http:\/\/www.caririemacao.com\/1\/?p=91089"},"modified":"2019-04-11T08:58:30","modified_gmt":"2019-04-11T11:58:30","slug":"aberta-inscricoes-para-eleicao-do-conselho-tutelar-no-municipio-de-caraubas","status":"publish","type":"post","link":"https:\/\/www.caririemacao.com\/1\/2019\/04\/11\/aberta-inscricoes-para-eleicao-do-conselho-tutelar-no-municipio-de-caraubas\/","title":{"rendered":"ABERTA INSCRI\u00c7\u00d5ES PARA ELEI\u00c7\u00c3O DO CONSELHO TUTELAR NO MUNIC\u00cdPIO DE CARA\u00daBAS"},"content":{"rendered":"\n<p><strong>ABERTA INSCRI\u00c7\u00d5ES PARA ELEI\u00c7\u00c3O DO CONSELHO TUTELAR NO MUNIC\u00cdPIO DE CARA\u00daBAS<\/strong><br>A Prefeitura Municipal de Cara\u00fabas atrav\u00e9s da Secretaria da Assist\u00eancia Social e o CMDCA \u2013 Conselho Municipal dos Direitos da Crian\u00e7a e do Adolescente lan\u00e7ou edital para realiza\u00e7\u00e3o de elei\u00e7\u00f5es dos novos membros do Conselho Tutelar do munic\u00edpio.&nbsp;A publica\u00e7\u00e3o do edital foi realizada na edi\u00e7\u00e3o do Jornal Oficial Eletr\u00f4nico do munic\u00edpio na \u00faltima sexta-feira, dia 5\/4, e tr\u00e1s com detalhes todos os procedimentos e prazos a serem cumpridos pelos candidatos ao cargo de conselheiro tutelar.&nbsp;De acordo com a resolu\u00e7\u00e3o n\u00ba. 001\/2019 est\u00e1 aberto no per\u00edodo de 5\/4 a 6\/10\/2019, o processo de escolha das pessoas interessadas em concorrer as 05(cinco) vagas existentes para o Conselho Tutelar do munic\u00edpio de Cara\u00fabas. O registro das candidaturas ocorrer\u00e1 entre os dias 13 e 31 de maio de 2019, no hor\u00e1rio das 8h., \u00e0s 12h., pelo pr\u00f3prio candidato, na sede do CMDCA.A presidente do CMDCA, Keyla Menezes, disse que o Edital tr\u00e1s de forma transparente todas as informa\u00e7\u00f5es necess\u00e1rias para que as pessoas se habilitem no processo eleitoral. Assim como nas elei\u00e7\u00f5es majorit\u00e1rias e proporcionais, resguardada as devidas propor\u00e7\u00f5es teremos as elei\u00e7\u00f5es para escolha dos membros do Conselho Tutelar, afirmou ela.Para concorrer as vagas existentes os candidatos dever\u00e3o obedecer a alguns crit\u00e9rios essenciais, como por exemplo, requerer inscri\u00e7\u00e3o atrav\u00e9s do documento espec\u00edfico, fornecido pelo CMDCA; Apresentar original e c\u00f3pia do CPF e RG, e 01 (uma) foto 3&#215;4; Apresentar documenta\u00e7\u00e3o comprobat\u00f3ria de idoneidade moral, fornecida pelo poder judici\u00e1rio: Certid\u00e3o Criminal Estadual, Certid\u00e3o Criminal Federal, Certid\u00e3o Criminal Eleitoral; Ter experi\u00eancia comprovada na \u00e1rea de Defesa e\/ou Atendimento dos Direitos da Crian\u00e7a e do Adolescente, a pelo menos de 06 (seis) meses, mediante declara\u00e7\u00e3o de Entidade e\/ou Programa; Ser maior de 21 (vinte e um) anos; Apresentar atestado de quita\u00e7\u00e3o com a Justi\u00e7a Eleitoral; Comprovar que reside no Munic\u00edpio de Cara\u00fabas &#8211; PB h\u00e1 mais de 02 (dois) anos, atrav\u00e9s de: declara\u00e7\u00e3o da equipe de aten\u00e7\u00e3o b\u00e1sica de sa\u00fade do munic\u00edpio, comprovante de resid\u00eancia e titularidade de eleitor do munic\u00edpio h\u00e1 mais de 02 (dois) anos; Apresentar comprova\u00e7\u00e3o de conclus\u00e3o do Ensino M\u00e9dio.A elei\u00e7\u00e3o para escolha dos novos membros do Conselho Tutelar ocorrer\u00e1 no dia 06\/10\/2019 pelo sufr\u00e1gio universal e voto direto, facultativo, secreto, no hor\u00e1rio das 08h \u00e0s 17h, podendo o eleitor votar em at\u00e9 03 (tr\u00eas) candidatos(as) ao Conselho Tutelar, em comum acordo com o \u00a7 3\u00ba do Art. 34 da Lei Municipal n.\u00b0 179\/2006.\n\n<\/p>\n","protected":false},"excerpt":{"rendered":"<p>ABERTA INSCRI\u00c7\u00d5ES PARA ELEI\u00c7\u00c3O DO CONSELHO TUTELAR NO MUNIC\u00cdPIO DE CARA\u00daBASA Prefeitura Municipal de Cara\u00fabas atrav\u00e9s da Secretaria da Assist\u00eancia Social e o CMDCA \u2013&hellip; <\/p>\n","protected":false},"author":1,"featured_media":65610,"comment_status":"closed","ping_status":"closed","sticky":false,"template":"","format":"standard","meta":{"sfsi_plus_gutenberg_text_before_share":"","sfsi_plus_gutenberg_show_text_before_share":"","sfsi_plus_gutenberg_icon_type":"","sfsi_plus_gutenberg_icon_alignemt":"","sfsi_plus_gutenburg_max_per_row":"","footnotes":""},"categories":[2],"tags":[],"class_list":["post-91089","post","type-post","status-publish","format-standard","has-post-thumbnail","hentry","category-geral"],"_links":{"self":[{"href":"https:\/\/www.caririemacao.com\/1\/wp-json\/wp\/v2\/posts\/91089","targetHints":{"allow":["GET"]}}],"collection":[{"href":"https:\/\/www.caririemacao.com\/1\/wp-json\/wp\/v2\/posts"}],"about":[{"href":"https:\/\/www.caririemacao.com\/1\/wp-json\/wp\/v2\/types\/post"}],"author":[{"embeddable":true,"href":"https:\/\/www.caririemacao.com\/1\/wp-json\/wp\/v2\/users\/1"}],"replies":[{"embeddable":true,"href":"https:\/\/www.caririemacao.com\/1\/wp-json\/wp\/v2\/comments?post=91089"}],"version-history":[{"count":1,"href":"https:\/\/www.caririemacao.com\/1\/wp-json\/wp\/v2\/posts\/91089\/revisions"}],"predecessor-version":[{"id":91090,"href":"https:\/\/www.caririemacao.com\/1\/wp-json\/wp\/v2\/posts\/91089\/revisions\/91090"}],"wp:featuredmedia":[{"embeddable":true,"href":"https:\/\/www.caririemacao.com\/1\/wp-json\/wp\/v2\/media\/65610"}],"wp:attachment":[{"href":"https:\/\/www.caririemacao.com\/1\/wp-json\/wp\/v2\/media?parent=91089"}],"wp:term":[{"taxonomy":"category","embeddable":true,"href":"https:\/\/www.caririemacao.com\/1\/wp-json\/wp\/v2\/categories?post=91089"},{"taxonomy":"post_tag","embeddable":true,"href":"https:\/\/www.caririemacao.com\/1\/wp-json\/wp\/v2\/tags?post=91089"}],"curies":[{"name":"wp","href":"https:\/\/api.w.org\/{rel}","templated":true}]}}