{"id":91091,"date":"2019-04-11T09:08:46","date_gmt":"2019-04-11T12:08:46","guid":{"rendered":"http:\/\/www.caririemacao.com\/1\/?p=91091"},"modified":"2019-04-11T09:08:46","modified_gmt":"2019-04-11T12:08:46","slug":"uepb-divulga-edital-com-10-vagas-para-bibliotecario-para-monteiro-e-outras-cidades","status":"publish","type":"post","link":"https:\/\/www.caririemacao.com\/1\/2019\/04\/11\/uepb-divulga-edital-com-10-vagas-para-bibliotecario-para-monteiro-e-outras-cidades\/","title":{"rendered":"UEPB divulga edital com 10 vagas para bibliotec\u00e1rio para Monteiro e outras cidades"},"content":{"rendered":"\n<p>A UEPB divulgou nesta segunda-feira (8) um edital de sele\u00e7\u00e3o simplificada com 10 vagas tempor\u00e1rias para bibliotec\u00e1rio. As inscri\u00e7\u00f5es s\u00e3o feitas pela internet, come\u00e7am no dia 15 de abril e seguem at\u00e9 o dia 21 de abril, somente pelo site da banca organizadora do concurso, a CPCon. A taxa de inscri\u00e7\u00e3o custa R$ 50.<\/p>\n\n\n\n<p><a href=\"https:\/\/cpcon.uepb.edu.br\/concursos\/Processo_Seletivo_Bibliotecario\/Edital\/EDITAL_NORMATIVO_DE%20PROCESSO_SELETIVO_N_001_2019.pdf\" target=\"_blank\" rel=\"noreferrer noopener\"><strong>CONFIRA O EDITAL COMPLETO<\/strong><\/a><\/p>\n\n\n\n<p>As vagas s\u00e3o para os campus de Campina Grande, Monteiro e Patos. Do total das 10 vagas, oito s\u00e3o para ampla concorr\u00eancia e dois s\u00e3o para pessoas com defici\u00eancia, sendo oito vagas para Campina Grande, seis para ampla concorr\u00eancia e duas para pessoa com defici\u00eancia, uma para Monteiro e uma para Patos.<\/p>\n\n\n\n<p>O trabalho previsto \u00e9 de 40 horas semanais com uma remunera\u00e7\u00e3o de R$ 3.396,43. Para concorrer ao concurso \u00e9 preciso ter gradua\u00e7\u00e3o em Biblioteconomia e registro no Conselho Regional de Biblioteconomia (CRB).<\/p>\n\n\n\n<p>Para concorrer \u00e0 isen\u00e7\u00e3o da taxa, os interessados devem solicitar entre quarta-feira (10) e sexta-feira (12) junto \u00e0 banca organizadora. A data prevista para realiza\u00e7\u00e3o da prova escrita \u00e9 5 de maio de 2019, com a prova de t\u00edtulos prevista para 14 de maio e resultado final previsto para o dia 30 de maio.<\/p>\n\n\n\n<p>A prova objetiva \u00e9 composta por 40 quest\u00f5es, sendo 15 de l\u00edngua portuguesa, 10 de racioc\u00ednio l\u00f3gico e 15 de conhecimentos espec\u00edficos.<\/p>\n\n\n\n<p><strong>Concurso para bibliotec\u00e1rio na UEPB<\/strong><br>Vagas: 10<br>Nivel: superior<br>Sal\u00e1rios: R$ 3.396,43<br>Prazo de inscri\u00e7\u00e3o: 15 de abril at\u00e9 21 de abril<br>Local de inscri\u00e7\u00e3o: site da organizadora, CPCon<br>Taxa de inscri\u00e7\u00e3o: R$ 50<br>Provas: 5 de maio<br>Edital do concurso para bibliotec\u00e1rio da UEPB<\/p>\n","protected":false},"excerpt":{"rendered":"<p>A UEPB divulgou nesta segunda-feira (8) um edital de sele\u00e7\u00e3o simplificada com 10 vagas tempor\u00e1rias para bibliotec\u00e1rio. As inscri\u00e7\u00f5es s\u00e3o feitas pela internet, come\u00e7am no&hellip; <\/p>\n","protected":false},"author":1,"featured_media":91092,"comment_status":"closed","ping_status":"closed","sticky":false,"template":"","format":"standard","meta":{"sfsi_plus_gutenberg_text_before_share":"","sfsi_plus_gutenberg_show_text_before_share":"","sfsi_plus_gutenberg_icon_type":"","sfsi_plus_gutenberg_icon_alignemt":"","sfsi_plus_gutenburg_max_per_row":"","footnotes":""},"categories":[6],"tags":[],"class_list":["post-91091","post","type-post","status-publish","format-standard","has-post-thumbnail","hentry","category-cidades"],"_links":{"self":[{"href":"https:\/\/www.caririemacao.com\/1\/wp-json\/wp\/v2\/posts\/91091","targetHints":{"allow":["GET"]}}],"collection":[{"href":"https:\/\/www.caririemacao.com\/1\/wp-json\/wp\/v2\/posts"}],"about":[{"href":"https:\/\/www.caririemacao.com\/1\/wp-json\/wp\/v2\/types\/post"}],"author":[{"embeddable":true,"href":"https:\/\/www.caririemacao.com\/1\/wp-json\/wp\/v2\/users\/1"}],"replies":[{"embeddable":true,"href":"https:\/\/www.caririemacao.com\/1\/wp-json\/wp\/v2\/comments?post=91091"}],"version-history":[{"count":1,"href":"https:\/\/www.caririemacao.com\/1\/wp-json\/wp\/v2\/posts\/91091\/revisions"}],"predecessor-version":[{"id":91093,"href":"https:\/\/www.caririemacao.com\/1\/wp-json\/wp\/v2\/posts\/91091\/revisions\/91093"}],"wp:featuredmedia":[{"embeddable":true,"href":"https:\/\/www.caririemacao.com\/1\/wp-json\/wp\/v2\/media\/91092"}],"wp:attachment":[{"href":"https:\/\/www.caririemacao.com\/1\/wp-json\/wp\/v2\/media?parent=91091"}],"wp:term":[{"taxonomy":"category","embeddable":true,"href":"https:\/\/www.caririemacao.com\/1\/wp-json\/wp\/v2\/categories?post=91091"},{"taxonomy":"post_tag","embeddable":true,"href":"https:\/\/www.caririemacao.com\/1\/wp-json\/wp\/v2\/tags?post=91091"}],"curies":[{"name":"wp","href":"https:\/\/api.w.org\/{rel}","templated":true}]}}