{"id":91094,"date":"2019-04-11T09:19:45","date_gmt":"2019-04-11T12:19:45","guid":{"rendered":"http:\/\/www.caririemacao.com\/1\/?p=91094"},"modified":"2019-04-11T09:19:45","modified_gmt":"2019-04-11T12:19:45","slug":"mais-de-113-mil-paraibanos-enviaram-declaracao-do-imposto-de-renda-2019","status":"publish","type":"post","link":"https:\/\/www.caririemacao.com\/1\/2019\/04\/11\/mais-de-113-mil-paraibanos-enviaram-declaracao-do-imposto-de-renda-2019\/","title":{"rendered":"Mais de 113 mil paraibanos enviaram declara\u00e7\u00e3o do Imposto de Renda 2019"},"content":{"rendered":"\n<p>Os contribuintes da Para\u00edba enviaram 113.009 declara\u00e7\u00f5es do Imposto de Renda Pessoa F\u00edsica (IRPF) para os computadores da Receita Federal do Brasil, at\u00e9 esta quarta-feira (10). A declara\u00e7\u00e3o referente ao ano-base 2018 deve ser enviada at\u00e9 o dia 30 de abril.<\/p>\n\n\n\n<p>A libera\u00e7\u00e3o do programa aconteceu no dia 7 de mar\u00e7o. O n\u00famero de declara\u00e7\u00f5es feitas at\u00e9 esta segunda representa 0,99% das declara\u00e7\u00f5es que foram recebidas em todo o pa\u00eds e 37,6% das 300 mil previstas para a Para\u00edba, conforme a Receita Federal.<\/p>\n\n\n\n<p>O prazo para o contribuinte enviar as declara\u00e7\u00f5es \u00e9 at\u00e9 as 23h59 do dia 30 de abril de 2019. A orienta\u00e7\u00e3o da Receita Federal para o contribuinte que tiver d\u00favidas na hora de fazer sua Declara\u00e7\u00e3o do Imposto de Renda, \u00e9 para que ele recorra ao f\u00f3rum de Perguntas e Respostas, disponibilizado no\u00a0<a rel=\"noreferrer noopener\" href=\"https:\/\/idg.receita.economia.gov.br\/interface\/cidadao\/irpf\/2019\/perguntao\" target=\"_blank\">site do \u00f3rg\u00e3o<\/a>.<\/p>\n\n\n\n<p><\/p>\n\n\n\n<p>G1<\/p>\n","protected":false},"excerpt":{"rendered":"<p>Os contribuintes da Para\u00edba enviaram 113.009 declara\u00e7\u00f5es do Imposto de Renda Pessoa F\u00edsica (IRPF) para os computadores da Receita Federal do Brasil, at\u00e9 esta quarta-feira&hellip; <\/p>\n","protected":false},"author":1,"featured_media":0,"comment_status":"closed","ping_status":"closed","sticky":false,"template":"","format":"standard","meta":{"sfsi_plus_gutenberg_text_before_share":"","sfsi_plus_gutenberg_show_text_before_share":"","sfsi_plus_gutenberg_icon_type":"","sfsi_plus_gutenberg_icon_alignemt":"","sfsi_plus_gutenburg_max_per_row":"","footnotes":""},"categories":[2],"tags":[],"class_list":["post-91094","post","type-post","status-publish","format-standard","hentry","category-geral"],"_links":{"self":[{"href":"https:\/\/www.caririemacao.com\/1\/wp-json\/wp\/v2\/posts\/91094","targetHints":{"allow":["GET"]}}],"collection":[{"href":"https:\/\/www.caririemacao.com\/1\/wp-json\/wp\/v2\/posts"}],"about":[{"href":"https:\/\/www.caririemacao.com\/1\/wp-json\/wp\/v2\/types\/post"}],"author":[{"embeddable":true,"href":"https:\/\/www.caririemacao.com\/1\/wp-json\/wp\/v2\/users\/1"}],"replies":[{"embeddable":true,"href":"https:\/\/www.caririemacao.com\/1\/wp-json\/wp\/v2\/comments?post=91094"}],"version-history":[{"count":1,"href":"https:\/\/www.caririemacao.com\/1\/wp-json\/wp\/v2\/posts\/91094\/revisions"}],"predecessor-version":[{"id":91095,"href":"https:\/\/www.caririemacao.com\/1\/wp-json\/wp\/v2\/posts\/91094\/revisions\/91095"}],"wp:attachment":[{"href":"https:\/\/www.caririemacao.com\/1\/wp-json\/wp\/v2\/media?parent=91094"}],"wp:term":[{"taxonomy":"category","embeddable":true,"href":"https:\/\/www.caririemacao.com\/1\/wp-json\/wp\/v2\/categories?post=91094"},{"taxonomy":"post_tag","embeddable":true,"href":"https:\/\/www.caririemacao.com\/1\/wp-json\/wp\/v2\/tags?post=91094"}],"curies":[{"name":"wp","href":"https:\/\/api.w.org\/{rel}","templated":true}]}}