{"id":91105,"date":"2019-04-11T09:43:56","date_gmt":"2019-04-11T12:43:56","guid":{"rendered":"http:\/\/www.caririemacao.com\/1\/?p=91105"},"modified":"2019-04-11T09:43:56","modified_gmt":"2019-04-11T12:43:56","slug":"hospitais-universitarios-da-paraiba-devem-receber-recursos-federais-de-r-354-milhoes","status":"publish","type":"post","link":"https:\/\/www.caririemacao.com\/1\/2019\/04\/11\/hospitais-universitarios-da-paraiba-devem-receber-recursos-federais-de-r-354-milhoes\/","title":{"rendered":"Hospitais Universit\u00e1rios da Para\u00edba devem receber recursos federais de R$ 3,54 milh\u00f5es"},"content":{"rendered":"\n<p>s. Esses recursos fazem parte da primeira parcela anual do Programa Nacional de Reestrutura\u00e7\u00e3o dos Hospitais Universit\u00e1rios Federais (REHUF) e contemplam o Hospital Universit\u00e1rio Lauro Wanderley, em Jo\u00e3o Pessoa, o Hospital Universit\u00e1rio Alcides Carneiro, em Campina Grande, e o Hospital Universit\u00e1rio Julio M. Bandeira de Melo, em Cajazeiras, no Sert\u00e3o paraibano.<\/p>\n\n\n\n<p>A verba do Minist\u00e9rio da Sa\u00fade ser\u00e1 utilizada para custear o funcionamento dos servi\u00e7os de ensino (consultas, interna\u00e7\u00f5es e cirurgias), compra de materiais m\u00e9dico-hospitalares como anest\u00e9sicos, seringas e medicamentos, al\u00e9m de possibilitar a execu\u00e7\u00e3o de obras de reforma e amplia\u00e7\u00e3o da infraestrutura hospitalar, para melhorar e qualificar o atendimento prestado \u00e0 popula\u00e7\u00e3o.<\/p>\n\n\n\n<p>O maior volume dos recursos ser\u00e1 destinado ao hospital universit\u00e1rio da Universidade Federal da Para\u00edba, em Jo\u00e3o Pessoa, que receber\u00e1 R$ 1,45 milh\u00e3o, seguido pelo hospital da Universidade Federal de Campina Grande (UFCG), contemplado com R$ 1,37 milh\u00f5es. J\u00e1 o hospital da UFCG em Cajazeiras receber\u00e1 R$ 712 mil.<\/p>\n\n\n\n<p>O secret\u00e1rio de Aten\u00e7\u00e3o \u00e0 Sa\u00fade do Minist\u00e9rio da Sa\u00fade, Francisco de Assis Figueiredo, aponta que a iniciativa visa qualificar e ampliar cada vez mais a capacidade de atendimento dos hospitais universit\u00e1rios federais. \u201cCada uma dessas unidades \u00e9 essencial para fortalecer a rede assistencial do SUS, e tem papel fundamental na forma\u00e7\u00e3o de profissionais de sa\u00fade, incluindo m\u00e9dicos especialistas que fazem suas resid\u00eancias nestas institui\u00e7\u00f5es. Esses servi\u00e7os exercem papel importante no avan\u00e7o de ensino e da pesquisa em sa\u00fade, o que contribui com a oferta de novos tratamentos no SUS\u201d, avalia.<\/p>\n\n\n\n<p>As portarias levam em considera\u00e7\u00e3o as necessidades levantadas pelos gestores dos SUS nas esferas estaduais e municipais, em articula\u00e7\u00e3o com o MEC que define os projetos a serem executados.<\/p>\n\n\n\n<p>Os recursos s\u00e3o pagos pelo Minist\u00e9rio da Sa\u00fade para as institui\u00e7\u00f5es que comprovaram o cumprimento das metas de qualidade relacionadas ao porte e perfil de atendimento, capacidade de gest\u00e3o, desenvolvimento de pesquisa e ensino e integra\u00e7\u00e3o \u00e0 rede do SUS. Os pagamentos s\u00e3o efetuados pelo Fundo Nacional de Sa\u00fade conforme comprova\u00e7\u00e3o dos gastos.<\/p>\n\n\n\n<p><\/p>\n\n\n\n<p>G1<\/p>\n","protected":false},"excerpt":{"rendered":"<p>s. Esses recursos fazem parte da primeira parcela anual do Programa Nacional de Reestrutura\u00e7\u00e3o dos Hospitais Universit\u00e1rios Federais (REHUF) e contemplam o Hospital Universit\u00e1rio Lauro&hellip; <\/p>\n","protected":false},"author":1,"featured_media":91106,"comment_status":"closed","ping_status":"closed","sticky":false,"template":"","format":"standard","meta":{"sfsi_plus_gutenberg_text_before_share":"","sfsi_plus_gutenberg_show_text_before_share":"","sfsi_plus_gutenberg_icon_type":"","sfsi_plus_gutenberg_icon_alignemt":"","sfsi_plus_gutenburg_max_per_row":"","footnotes":""},"categories":[2],"tags":[],"class_list":["post-91105","post","type-post","status-publish","format-standard","has-post-thumbnail","hentry","category-geral"],"_links":{"self":[{"href":"https:\/\/www.caririemacao.com\/1\/wp-json\/wp\/v2\/posts\/91105","targetHints":{"allow":["GET"]}}],"collection":[{"href":"https:\/\/www.caririemacao.com\/1\/wp-json\/wp\/v2\/posts"}],"about":[{"href":"https:\/\/www.caririemacao.com\/1\/wp-json\/wp\/v2\/types\/post"}],"author":[{"embeddable":true,"href":"https:\/\/www.caririemacao.com\/1\/wp-json\/wp\/v2\/users\/1"}],"replies":[{"embeddable":true,"href":"https:\/\/www.caririemacao.com\/1\/wp-json\/wp\/v2\/comments?post=91105"}],"version-history":[{"count":1,"href":"https:\/\/www.caririemacao.com\/1\/wp-json\/wp\/v2\/posts\/91105\/revisions"}],"predecessor-version":[{"id":91107,"href":"https:\/\/www.caririemacao.com\/1\/wp-json\/wp\/v2\/posts\/91105\/revisions\/91107"}],"wp:featuredmedia":[{"embeddable":true,"href":"https:\/\/www.caririemacao.com\/1\/wp-json\/wp\/v2\/media\/91106"}],"wp:attachment":[{"href":"https:\/\/www.caririemacao.com\/1\/wp-json\/wp\/v2\/media?parent=91105"}],"wp:term":[{"taxonomy":"category","embeddable":true,"href":"https:\/\/www.caririemacao.com\/1\/wp-json\/wp\/v2\/categories?post=91105"},{"taxonomy":"post_tag","embeddable":true,"href":"https:\/\/www.caririemacao.com\/1\/wp-json\/wp\/v2\/tags?post=91105"}],"curies":[{"name":"wp","href":"https:\/\/api.w.org\/{rel}","templated":true}]}}