{"id":91108,"date":"2019-04-11T11:17:53","date_gmt":"2019-04-11T14:17:53","guid":{"rendered":"http:\/\/www.caririemacao.com\/1\/?p=91108"},"modified":"2019-04-11T11:17:53","modified_gmt":"2019-04-11T14:17:53","slug":"homem-morre-em-upa-com-suspeita-de-h1n1-na-pb","status":"publish","type":"post","link":"https:\/\/www.caririemacao.com\/1\/2019\/04\/11\/homem-morre-em-upa-com-suspeita-de-h1n1-na-pb\/","title":{"rendered":"Homem morre em UPA com suspeita de H1N1 na PB"},"content":{"rendered":"\n<p>Um homem de 25 anos morreu com suspeita de H1N1. A morte aconteceu nesta quarta-feira (10) na Unidade de Pronto Atendimento de Santa Rita (UPA), que fica no bairro de Tibiri, em Santa Rita, na Grande Jo\u00e3o Pessoa.<\/p>\n\n\n\n<p>Em entrevista, a diretora cl\u00ednica da UPA, T\u00e1lia Moura, informou que a v\u00edtima chegou \u00e0 UPA na manh\u00e3 desta quarta e foi internada j\u00e1 com quadro cl\u00ednico grave.<\/p>\n\n\n\n<p>Em seguida, o homem teve parada cardiorrespirat\u00f3ria, n\u00e3o resistiu e morreu. A causa da morte vai ser confirmada pelo Servi\u00e7o de Verifica\u00e7\u00e3o de \u00d3bito (SVO) da Capital.<\/p>\n\n\n\n<p><\/p>\n\n\n\n<p>VITRINE DO CARIRI <\/p>\n","protected":false},"excerpt":{"rendered":"<p>Um homem de 25 anos morreu com suspeita de H1N1. A morte aconteceu nesta quarta-feira (10) na Unidade de Pronto Atendimento de Santa Rita (UPA),&hellip; <\/p>\n","protected":false},"author":1,"featured_media":48390,"comment_status":"closed","ping_status":"closed","sticky":false,"template":"","format":"standard","meta":{"sfsi_plus_gutenberg_text_before_share":"","sfsi_plus_gutenberg_show_text_before_share":"","sfsi_plus_gutenberg_icon_type":"","sfsi_plus_gutenberg_icon_alignemt":"","sfsi_plus_gutenburg_max_per_row":"","footnotes":""},"categories":[50,16],"tags":[],"class_list":["post-91108","post","type-post","status-publish","format-standard","has-post-thumbnail","hentry","category-destaque","category-saude"],"_links":{"self":[{"href":"https:\/\/www.caririemacao.com\/1\/wp-json\/wp\/v2\/posts\/91108","targetHints":{"allow":["GET"]}}],"collection":[{"href":"https:\/\/www.caririemacao.com\/1\/wp-json\/wp\/v2\/posts"}],"about":[{"href":"https:\/\/www.caririemacao.com\/1\/wp-json\/wp\/v2\/types\/post"}],"author":[{"embeddable":true,"href":"https:\/\/www.caririemacao.com\/1\/wp-json\/wp\/v2\/users\/1"}],"replies":[{"embeddable":true,"href":"https:\/\/www.caririemacao.com\/1\/wp-json\/wp\/v2\/comments?post=91108"}],"version-history":[{"count":1,"href":"https:\/\/www.caririemacao.com\/1\/wp-json\/wp\/v2\/posts\/91108\/revisions"}],"predecessor-version":[{"id":91109,"href":"https:\/\/www.caririemacao.com\/1\/wp-json\/wp\/v2\/posts\/91108\/revisions\/91109"}],"wp:featuredmedia":[{"embeddable":true,"href":"https:\/\/www.caririemacao.com\/1\/wp-json\/wp\/v2\/media\/48390"}],"wp:attachment":[{"href":"https:\/\/www.caririemacao.com\/1\/wp-json\/wp\/v2\/media?parent=91108"}],"wp:term":[{"taxonomy":"category","embeddable":true,"href":"https:\/\/www.caririemacao.com\/1\/wp-json\/wp\/v2\/categories?post=91108"},{"taxonomy":"post_tag","embeddable":true,"href":"https:\/\/www.caririemacao.com\/1\/wp-json\/wp\/v2\/tags?post=91108"}],"curies":[{"name":"wp","href":"https:\/\/api.w.org\/{rel}","templated":true}]}}