{"id":91124,"date":"2019-04-11T12:12:17","date_gmt":"2019-04-11T15:12:17","guid":{"rendered":"http:\/\/www.caririemacao.com\/1\/?p=91124"},"modified":"2019-04-11T12:12:17","modified_gmt":"2019-04-11T15:12:17","slug":"vereador-bezerrao-desmente-criticas-da-oposicao-de-camalau-sobre-a-saude-e-a-seguranca-no-municipio","status":"publish","type":"post","link":"https:\/\/www.caririemacao.com\/1\/2019\/04\/11\/vereador-bezerrao-desmente-criticas-da-oposicao-de-camalau-sobre-a-saude-e-a-seguranca-no-municipio\/","title":{"rendered":"Vereador Bezerr\u00e3o desmente cr\u00edticas da oposi\u00e7\u00e3o de Camala\u00fa sobre a sa\u00fade e a seguran\u00e7a no munic\u00edpio"},"content":{"rendered":"\n<p>\n\nO Vereador Bezerr\u00e3o fez duras cr\u00edticas ao comportamento da oposi\u00e7\u00e3o do munic\u00edpio de Camala\u00fa, que segundo ele teria feito algumas denuncias infundadas e raivosas no programa da C\u00e2mara Municipal em uma emissora de r\u00e1dio no ultimo final de semana.<br>O vereador criticou declara\u00e7\u00f5es da vereadora Nicinha em rela\u00e7\u00e3o \u00e0 inseguran\u00e7a e tamb\u00e9m em rela\u00e7\u00e3o \u00e0 sa\u00fade municipal, e ao transporte de pacientes camalauenses para tratamento m\u00e9dico em diversas cidades.<br>\u201cA vereadora falar em inseguran\u00e7a devido a um lament\u00e1vel caso isolado que aconteceu com um amigo comerciante nosso, e querer colocar a culpa na atual gest\u00e3o \u00e9 uma brincadeira de mau gosto.\u201d, disse o vereador.<br>\u201cAt\u00e9 onde eu sei, a seguran\u00e7a p\u00fablica \u00e9 prerrogativa do governo do estado, do qual ela faz parte como apoiadora. E mais: Onde est\u00e1 o dinheiro, cerca de 40 mil reais que havia sido encaminhado para a instala\u00e7\u00e3o de c\u00e2meras de seguran\u00e7a no centro da cidade, que foi para aprova\u00e7\u00e3o na C\u00e2mara Municipal , quando o irm\u00e3o dela era o presidente, e at\u00e9 hoje ningu\u00e9m sabe onde foi parar?\u201d, indagou o vereador.<br>Sobre o transporte de pacientes e a sa\u00fade de Camala\u00fa, o vereador disse que permite que haja indaga\u00e7\u00f5es sobre a sa\u00fade de qualquer cidad\u00e3o do munic\u00edpio, menos dela (Nicinha).<br>\u201cHoje mesmo eu me notifiquei com Patr\u00edcia, e s\u00f3 no dia de hoje mais de 85 pacientes foram encaminhados para tratamento nos carros da frota da sa\u00fade de Camala\u00fa para Monteiro, Sum\u00e9, Jo\u00e3o Pessoa, Recife, Campina Grande em cl\u00ednicas e hospitais, no Cisco e outros \u00f3rg\u00e3os de sa\u00fade\u201d, explicou Bezerr\u00e3o.<br>\u201cA vereadora que andou tirando fotos por a\u00ed de a\u00e7\u00f5es da sa\u00fade, deveria era ir em Campina Grande, tirar fotos e tentar localizar onde foi enterrado o corpo de um paciente que ela levou pra \u00e1 sob sua responsabilidade para um tratamento de sa\u00fade e acabou sendo enterrado l\u00e1 como indigente, e at\u00e9 hoje a fam\u00edlia sofre por isso\u201d, encerrou o vereador.<br><strong>FABIO BRITO<\/strong><\/p>\n","protected":false},"excerpt":{"rendered":"<p>O Vereador Bezerr\u00e3o fez duras cr\u00edticas ao comportamento da oposi\u00e7\u00e3o do munic\u00edpio de Camala\u00fa, que segundo ele teria feito algumas denuncias infundadas e raivosas no&hellip; <\/p>\n","protected":false},"author":1,"featured_media":91125,"comment_status":"closed","ping_status":"closed","sticky":false,"template":"","format":"standard","meta":{"sfsi_plus_gutenberg_text_before_share":"","sfsi_plus_gutenberg_show_text_before_share":"","sfsi_plus_gutenberg_icon_type":"","sfsi_plus_gutenberg_icon_alignemt":"","sfsi_plus_gutenburg_max_per_row":"","footnotes":""},"categories":[6],"tags":[],"class_list":["post-91124","post","type-post","status-publish","format-standard","has-post-thumbnail","hentry","category-cidades"],"_links":{"self":[{"href":"https:\/\/www.caririemacao.com\/1\/wp-json\/wp\/v2\/posts\/91124","targetHints":{"allow":["GET"]}}],"collection":[{"href":"https:\/\/www.caririemacao.com\/1\/wp-json\/wp\/v2\/posts"}],"about":[{"href":"https:\/\/www.caririemacao.com\/1\/wp-json\/wp\/v2\/types\/post"}],"author":[{"embeddable":true,"href":"https:\/\/www.caririemacao.com\/1\/wp-json\/wp\/v2\/users\/1"}],"replies":[{"embeddable":true,"href":"https:\/\/www.caririemacao.com\/1\/wp-json\/wp\/v2\/comments?post=91124"}],"version-history":[{"count":1,"href":"https:\/\/www.caririemacao.com\/1\/wp-json\/wp\/v2\/posts\/91124\/revisions"}],"predecessor-version":[{"id":91126,"href":"https:\/\/www.caririemacao.com\/1\/wp-json\/wp\/v2\/posts\/91124\/revisions\/91126"}],"wp:featuredmedia":[{"embeddable":true,"href":"https:\/\/www.caririemacao.com\/1\/wp-json\/wp\/v2\/media\/91125"}],"wp:attachment":[{"href":"https:\/\/www.caririemacao.com\/1\/wp-json\/wp\/v2\/media?parent=91124"}],"wp:term":[{"taxonomy":"category","embeddable":true,"href":"https:\/\/www.caririemacao.com\/1\/wp-json\/wp\/v2\/categories?post=91124"},{"taxonomy":"post_tag","embeddable":true,"href":"https:\/\/www.caririemacao.com\/1\/wp-json\/wp\/v2\/tags?post=91124"}],"curies":[{"name":"wp","href":"https:\/\/api.w.org\/{rel}","templated":true}]}}