{"id":91127,"date":"2019-04-11T12:15:11","date_gmt":"2019-04-11T15:15:11","guid":{"rendered":"http:\/\/www.caririemacao.com\/1\/?p=91127"},"modified":"2019-04-11T12:15:11","modified_gmt":"2019-04-11T15:15:11","slug":"prefeitura-de-sao-joao-do-tigre-abre-processo-de-eleicao-para-o-conselho-tutelar","status":"publish","type":"post","link":"https:\/\/www.caririemacao.com\/1\/2019\/04\/11\/prefeitura-de-sao-joao-do-tigre-abre-processo-de-eleicao-para-o-conselho-tutelar\/","title":{"rendered":"Prefeitura de S\u00e3o Jo\u00e3o do Tigre abre processo de elei\u00e7\u00e3o para o Conselho Tutelar"},"content":{"rendered":"\n<p>O CMDCA \u2013 Conselho Municipal dos Direitos da Crian\u00e7a e do Adolescente de S\u00e3o Jo\u00e3o do Tigre abriu processo para escolha de conselheiros tutelares no munic\u00edpio.<\/p>\n\n\n\n<p>Ser\u00e3o abertas 05 vagas para exercer um mandato de 04 anos de 10 de Janeiro de 2020, \u00e0 09 de Janeiro de 2024, com remunera\u00e7\u00e3o de um sal\u00e1rio m\u00ednimo vigente, que ser\u00e3o ocupadas pelos 05 candidatos que obtiveram o maior numero de votos no processo eleitoral.<\/p>\n\n\n\n<p>A carga hor\u00e1ria \u00e9 de 30 horas semanais e \u00e9 necess\u00e1rio entre outros requisitos, ser residente no munic\u00edpio, maior de 21 anos e ter cursado o ensino m\u00e9dio completo.<\/p>\n\n\n\n<p>As inscri\u00e7\u00f5es ser\u00e3o realizadas no per\u00edodo de 02 de Maio at\u00e9 03 de Junho, sempre das 07 horas da manh\u00e3 \u00e0s 13 horas, na sede da secretaria municipal de desenvolvimento social e seguran\u00e7a alimentar, na Rua Pedro Feitosa n\u00famero 03, no Pa\u00e7o municipal.<\/p>\n","protected":false},"excerpt":{"rendered":"<p>O CMDCA \u2013 Conselho Municipal dos Direitos da Crian\u00e7a e do Adolescente de S\u00e3o Jo\u00e3o do Tigre abriu processo para escolha de conselheiros tutelares no&hellip; <\/p>\n","protected":false},"author":1,"featured_media":88029,"comment_status":"closed","ping_status":"closed","sticky":false,"template":"","format":"standard","meta":{"sfsi_plus_gutenberg_text_before_share":"","sfsi_plus_gutenberg_show_text_before_share":"","sfsi_plus_gutenberg_icon_type":"","sfsi_plus_gutenberg_icon_alignemt":"","sfsi_plus_gutenburg_max_per_row":"","footnotes":""},"categories":[6,50],"tags":[],"class_list":["post-91127","post","type-post","status-publish","format-standard","has-post-thumbnail","hentry","category-cidades","category-destaque"],"_links":{"self":[{"href":"https:\/\/www.caririemacao.com\/1\/wp-json\/wp\/v2\/posts\/91127","targetHints":{"allow":["GET"]}}],"collection":[{"href":"https:\/\/www.caririemacao.com\/1\/wp-json\/wp\/v2\/posts"}],"about":[{"href":"https:\/\/www.caririemacao.com\/1\/wp-json\/wp\/v2\/types\/post"}],"author":[{"embeddable":true,"href":"https:\/\/www.caririemacao.com\/1\/wp-json\/wp\/v2\/users\/1"}],"replies":[{"embeddable":true,"href":"https:\/\/www.caririemacao.com\/1\/wp-json\/wp\/v2\/comments?post=91127"}],"version-history":[{"count":1,"href":"https:\/\/www.caririemacao.com\/1\/wp-json\/wp\/v2\/posts\/91127\/revisions"}],"predecessor-version":[{"id":91128,"href":"https:\/\/www.caririemacao.com\/1\/wp-json\/wp\/v2\/posts\/91127\/revisions\/91128"}],"wp:featuredmedia":[{"embeddable":true,"href":"https:\/\/www.caririemacao.com\/1\/wp-json\/wp\/v2\/media\/88029"}],"wp:attachment":[{"href":"https:\/\/www.caririemacao.com\/1\/wp-json\/wp\/v2\/media?parent=91127"}],"wp:term":[{"taxonomy":"category","embeddable":true,"href":"https:\/\/www.caririemacao.com\/1\/wp-json\/wp\/v2\/categories?post=91127"},{"taxonomy":"post_tag","embeddable":true,"href":"https:\/\/www.caririemacao.com\/1\/wp-json\/wp\/v2\/tags?post=91127"}],"curies":[{"name":"wp","href":"https:\/\/api.w.org\/{rel}","templated":true}]}}