{"id":91131,"date":"2019-04-11T12:35:16","date_gmt":"2019-04-11T15:35:16","guid":{"rendered":"http:\/\/www.caririemacao.com\/1\/?p=91131"},"modified":"2019-04-11T12:35:16","modified_gmt":"2019-04-11T15:35:16","slug":"estabelecimentos-comerciais-sao-assaltados-em-cidades-do-cariri","status":"publish","type":"post","link":"https:\/\/www.caririemacao.com\/1\/2019\/04\/11\/estabelecimentos-comerciais-sao-assaltados-em-cidades-do-cariri\/","title":{"rendered":"Estabelecimentos comerciais s\u00e3o assaltados em cidades do Cariri"},"content":{"rendered":"\n<p>Duas lojas foram assaltadas na noite desta quarta-feira (10), nas cidades de Prata e Ouro Velho, no Cariri paraibano.<\/p>\n\n\n\n<p>Em Ouro Velho, uma loja de roupa foi arrombada e teve objetos furtados. Ap\u00f3s a a\u00e7\u00e3o, os criminosos fugiram sem deixar rastro.<\/p>\n\n\n\n<p>Em Prata, uma loja de perfumes foi alvo da a\u00e7\u00e3o de criminosos. Os criminosos ainda tentaram arrombar uma loja de cal\u00e7ados e a loja Moveletro, mas n\u00e3o obtiveram \u00eaxito.<\/p>\n\n\n\n<p>A Pol\u00edcia foi acionada e realizou dilig\u00eancia, mas sem \u00eaxito.<\/p>\n","protected":false},"excerpt":{"rendered":"<p>Duas lojas foram assaltadas na noite desta quarta-feira (10), nas cidades de Prata e Ouro Velho, no Cariri paraibano. Em Ouro Velho, uma loja de&hellip; <\/p>\n","protected":false},"author":1,"featured_media":15928,"comment_status":"closed","ping_status":"closed","sticky":false,"template":"","format":"standard","meta":{"sfsi_plus_gutenberg_text_before_share":"","sfsi_plus_gutenberg_show_text_before_share":"","sfsi_plus_gutenberg_icon_type":"","sfsi_plus_gutenberg_icon_alignemt":"","sfsi_plus_gutenburg_max_per_row":"","footnotes":""},"categories":[50,12],"tags":[],"class_list":["post-91131","post","type-post","status-publish","format-standard","has-post-thumbnail","hentry","category-destaque","category-policia"],"_links":{"self":[{"href":"https:\/\/www.caririemacao.com\/1\/wp-json\/wp\/v2\/posts\/91131","targetHints":{"allow":["GET"]}}],"collection":[{"href":"https:\/\/www.caririemacao.com\/1\/wp-json\/wp\/v2\/posts"}],"about":[{"href":"https:\/\/www.caririemacao.com\/1\/wp-json\/wp\/v2\/types\/post"}],"author":[{"embeddable":true,"href":"https:\/\/www.caririemacao.com\/1\/wp-json\/wp\/v2\/users\/1"}],"replies":[{"embeddable":true,"href":"https:\/\/www.caririemacao.com\/1\/wp-json\/wp\/v2\/comments?post=91131"}],"version-history":[{"count":1,"href":"https:\/\/www.caririemacao.com\/1\/wp-json\/wp\/v2\/posts\/91131\/revisions"}],"predecessor-version":[{"id":91132,"href":"https:\/\/www.caririemacao.com\/1\/wp-json\/wp\/v2\/posts\/91131\/revisions\/91132"}],"wp:featuredmedia":[{"embeddable":true,"href":"https:\/\/www.caririemacao.com\/1\/wp-json\/wp\/v2\/media\/15928"}],"wp:attachment":[{"href":"https:\/\/www.caririemacao.com\/1\/wp-json\/wp\/v2\/media?parent=91131"}],"wp:term":[{"taxonomy":"category","embeddable":true,"href":"https:\/\/www.caririemacao.com\/1\/wp-json\/wp\/v2\/categories?post=91131"},{"taxonomy":"post_tag","embeddable":true,"href":"https:\/\/www.caririemacao.com\/1\/wp-json\/wp\/v2\/tags?post=91131"}],"curies":[{"name":"wp","href":"https:\/\/api.w.org\/{rel}","templated":true}]}}