{"id":91134,"date":"2019-04-11T12:37:41","date_gmt":"2019-04-11T15:37:41","guid":{"rendered":"http:\/\/www.caririemacao.com\/1\/?p=91134"},"modified":"2019-04-11T12:37:41","modified_gmt":"2019-04-11T15:37:41","slug":"juiza-proibe-retirada-de-radares-das-rodovias-federais","status":"publish","type":"post","link":"https:\/\/www.caririemacao.com\/1\/2019\/04\/11\/juiza-proibe-retirada-de-radares-das-rodovias-federais\/","title":{"rendered":"Ju\u00edza pro\u00edbe retirada de radares das rodovias federais"},"content":{"rendered":"\n<p>A ju\u00edza Diana Vanderlei, da 5\u00aa Vara Federal em Bras\u00edlia, proibiu nesta quarta-feira (10), a retirada de radares de velocidade das rodovias federais de todo o pa\u00eds. Ela&nbsp;tamb\u00e9m determinou que seja realizada a renova\u00e7\u00e3o dos contratos do Programa Nacional de Controle Eletr\u00f4nico de Velocidade por mais 60 dias.<\/p>\n\n\n\n<p>\u201cA n\u00e3o renova\u00e7\u00e3o dos contratos para a manuten\u00e7\u00e3o dos medidores de velocidade foi realizada sem ao menos ser efetiva a implementa\u00e7\u00e3o de novo modelo de gest\u00e3o para a seguran\u00e7a nas rodovias federais\u201d, afirmou a magistrada.<\/p>\n\n\n\n<p>A decis\u00e3o foi motivada por um pedido liminar feito pelo senador Fabiano Contarato (REDE-ES), mas n\u00e3o \u00e9 definitiva e cabe recurso.<\/p>\n\n\n\n<p>Na semana passada, o Minist\u00e9rio da Infraestrutura informou que a instala\u00e7\u00e3o de novos sensores foi suspensa para que seja feita uma an\u00e1lise rigorosa do plano de instala\u00e7\u00e3o, que foi realizado no governo anterior. A an\u00e1lise \u00e9 para priorizar a redu\u00e7\u00e3o do uso do equipamento onde n\u00e3o \u00e9 necess\u00e1rio, com possibilidade de uso de outros mecanismos de seguran\u00e7a.<\/p>\n\n\n\n<p>De acordo com a pasta, o atual contrato poderia chegar ao custo de R$ 1 bilh\u00e3o em cinco anos.<\/p>\n\n\n\n<p><em>Com Para\u00edba Todo Dia<\/em><\/p>\n","protected":false},"excerpt":{"rendered":"<p>A ju\u00edza Diana Vanderlei, da 5\u00aa Vara Federal em Bras\u00edlia, proibiu nesta quarta-feira (10), a retirada de radares de velocidade das rodovias federais de todo&hellip; <\/p>\n","protected":false},"author":1,"featured_media":9440,"comment_status":"closed","ping_status":"closed","sticky":false,"template":"","format":"standard","meta":{"sfsi_plus_gutenberg_text_before_share":"","sfsi_plus_gutenberg_show_text_before_share":"","sfsi_plus_gutenberg_icon_type":"","sfsi_plus_gutenberg_icon_alignemt":"","sfsi_plus_gutenburg_max_per_row":"","footnotes":""},"categories":[2],"tags":[],"class_list":["post-91134","post","type-post","status-publish","format-standard","has-post-thumbnail","hentry","category-geral"],"_links":{"self":[{"href":"https:\/\/www.caririemacao.com\/1\/wp-json\/wp\/v2\/posts\/91134","targetHints":{"allow":["GET"]}}],"collection":[{"href":"https:\/\/www.caririemacao.com\/1\/wp-json\/wp\/v2\/posts"}],"about":[{"href":"https:\/\/www.caririemacao.com\/1\/wp-json\/wp\/v2\/types\/post"}],"author":[{"embeddable":true,"href":"https:\/\/www.caririemacao.com\/1\/wp-json\/wp\/v2\/users\/1"}],"replies":[{"embeddable":true,"href":"https:\/\/www.caririemacao.com\/1\/wp-json\/wp\/v2\/comments?post=91134"}],"version-history":[{"count":1,"href":"https:\/\/www.caririemacao.com\/1\/wp-json\/wp\/v2\/posts\/91134\/revisions"}],"predecessor-version":[{"id":91135,"href":"https:\/\/www.caririemacao.com\/1\/wp-json\/wp\/v2\/posts\/91134\/revisions\/91135"}],"wp:featuredmedia":[{"embeddable":true,"href":"https:\/\/www.caririemacao.com\/1\/wp-json\/wp\/v2\/media\/9440"}],"wp:attachment":[{"href":"https:\/\/www.caririemacao.com\/1\/wp-json\/wp\/v2\/media?parent=91134"}],"wp:term":[{"taxonomy":"category","embeddable":true,"href":"https:\/\/www.caririemacao.com\/1\/wp-json\/wp\/v2\/categories?post=91134"},{"taxonomy":"post_tag","embeddable":true,"href":"https:\/\/www.caririemacao.com\/1\/wp-json\/wp\/v2\/tags?post=91134"}],"curies":[{"name":"wp","href":"https:\/\/api.w.org\/{rel}","templated":true}]}}