{"id":91142,"date":"2019-04-11T12:43:26","date_gmt":"2019-04-11T15:43:26","guid":{"rendered":"http:\/\/www.caririemacao.com\/1\/?p=91142"},"modified":"2019-04-11T12:43:26","modified_gmt":"2019-04-11T15:43:26","slug":"senado-aprova-desconto-maior-na-conta-de-luz-de-familias-carentes","status":"publish","type":"post","link":"https:\/\/www.caririemacao.com\/1\/2019\/04\/11\/senado-aprova-desconto-maior-na-conta-de-luz-de-familias-carentes\/","title":{"rendered":"Senado aprova desconto maior na conta de luz de fam\u00edlias carentes"},"content":{"rendered":"\n<p>O Senado aprovou na noite desta quarta-feira (10) um projeto de lei (PL) que aplica descontos maiores nas tarifas de conta de luz para fam\u00edlias carentes. O PL prev\u00ea desconto de 70% para consumidores de baixa renda com consumo mensal de at\u00e9 50 quilowatt-hora (kWh), 50% para consumo entre 51 e 150 kWh e 20% para as resid\u00eancias com consumo entre 151 e 250 kWh. O PL segue para a C\u00e2mara dos Deputados.<\/p>\n\n\n\n<p>\u201cEsse \u00e9 um projeto muito importante, que vai dar \u00e0s fam\u00edlias muito carentes condi\u00e7\u00f5es de comprar mais algumas coisas para sua subsist\u00eancia, inv\u00e9s de pagar a conta de luz\u201d, disse o senador Roberto Rocha (PSDB-MA). Segundo o senador, que \u00e9 o autor do projeto, a diferen\u00e7a ser\u00e1 paga pela Contribui\u00e7\u00e3o de Desenvolvimento Energ\u00e9tico (CDE). \u201cS\u00f3 para esse ano de 2019 [a CDE] tem or\u00e7amento estabelecido pela Aneel de quase R$ 21 bilh\u00f5es\u201d.<\/p>\n\n\n\n<p>Atualmente, o desconto de 65% \u00e9 aplicado a fam\u00edlias de baixa renda que consomem at\u00e9 30 kWh por m\u00eas, 40% para consumo entre 31 e 100 kWh e 10% para consumo entre 101 e 220 kWh. Antes de chegar ao plen\u00e1rio, o PL passou pela Comiss\u00e3o de Assuntos Econ\u00f4micos e pela Comiss\u00e3o de Transpar\u00eancia, Governan\u00e7a, Fiscaliza\u00e7\u00e3o e Controle e Defesa do Consumidor.<\/p>\n\n\n\n<p>Tem direito ao desconto nas tarifas de conta de luz para fam\u00edlias carentes fam\u00edlias inscritas no Cadastro \u00danico de Programas Sociais do governo federal com renda per capita igual ou menor a meio sal\u00e1rio m\u00ednimo; para recebedores do Benef\u00edcio de Presta\u00e7\u00e3o Continuada (BPC); e para fam\u00edlias do Cadastro \u00danico com renda de at\u00e9 tr\u00eas sal\u00e1rios m\u00ednimos e que tenham membros portadores de doen\u00e7a ou defici\u00eancia que precisem de energia el\u00e9trica para aparelhos.<\/p>\n","protected":false},"excerpt":{"rendered":"<p>O Senado aprovou na noite desta quarta-feira (10) um projeto de lei (PL) que aplica descontos maiores nas tarifas de conta de luz para fam\u00edlias&hellip; <\/p>\n","protected":false},"author":1,"featured_media":83237,"comment_status":"closed","ping_status":"closed","sticky":false,"template":"","format":"standard","meta":{"sfsi_plus_gutenberg_text_before_share":"","sfsi_plus_gutenberg_show_text_before_share":"","sfsi_plus_gutenberg_icon_type":"","sfsi_plus_gutenberg_icon_alignemt":"","sfsi_plus_gutenburg_max_per_row":"","footnotes":""},"categories":[11],"tags":[],"class_list":["post-91142","post","type-post","status-publish","format-standard","has-post-thumbnail","hentry","category-politica"],"_links":{"self":[{"href":"https:\/\/www.caririemacao.com\/1\/wp-json\/wp\/v2\/posts\/91142","targetHints":{"allow":["GET"]}}],"collection":[{"href":"https:\/\/www.caririemacao.com\/1\/wp-json\/wp\/v2\/posts"}],"about":[{"href":"https:\/\/www.caririemacao.com\/1\/wp-json\/wp\/v2\/types\/post"}],"author":[{"embeddable":true,"href":"https:\/\/www.caririemacao.com\/1\/wp-json\/wp\/v2\/users\/1"}],"replies":[{"embeddable":true,"href":"https:\/\/www.caririemacao.com\/1\/wp-json\/wp\/v2\/comments?post=91142"}],"version-history":[{"count":1,"href":"https:\/\/www.caririemacao.com\/1\/wp-json\/wp\/v2\/posts\/91142\/revisions"}],"predecessor-version":[{"id":91143,"href":"https:\/\/www.caririemacao.com\/1\/wp-json\/wp\/v2\/posts\/91142\/revisions\/91143"}],"wp:featuredmedia":[{"embeddable":true,"href":"https:\/\/www.caririemacao.com\/1\/wp-json\/wp\/v2\/media\/83237"}],"wp:attachment":[{"href":"https:\/\/www.caririemacao.com\/1\/wp-json\/wp\/v2\/media?parent=91142"}],"wp:term":[{"taxonomy":"category","embeddable":true,"href":"https:\/\/www.caririemacao.com\/1\/wp-json\/wp\/v2\/categories?post=91142"},{"taxonomy":"post_tag","embeddable":true,"href":"https:\/\/www.caririemacao.com\/1\/wp-json\/wp\/v2\/tags?post=91142"}],"curies":[{"name":"wp","href":"https:\/\/api.w.org\/{rel}","templated":true}]}}