{"id":91148,"date":"2019-04-11T12:54:39","date_gmt":"2019-04-11T15:54:39","guid":{"rendered":"http:\/\/www.caririemacao.com\/1\/?p=91148"},"modified":"2019-04-11T12:54:39","modified_gmt":"2019-04-11T15:54:39","slug":"marcha-dos-prefeitos-veneziano-destaca-pec-61-como-grande-conquista-e-cobra-mais-recursos-para-os-municipios","status":"publish","type":"post","link":"https:\/\/www.caririemacao.com\/1\/2019\/04\/11\/marcha-dos-prefeitos-veneziano-destaca-pec-61-como-grande-conquista-e-cobra-mais-recursos-para-os-municipios\/","title":{"rendered":"Marcha dos Prefeitos: Veneziano destaca PEC 61 como grande conquista e cobra mais recursos para os Munic\u00edpios"},"content":{"rendered":"\n<p>Aos discursar na C\u00e2mara Federal para centenas de prefeitos da Para\u00edba que participam da 22\u00aa Marcha dos Prefeitos, o Senador Veneziano Vital do R\u00eago (PSB-PB) afirmou que a ida dos gestores a Bras\u00edlia n\u00e3o foi in\u00f3cua. Com a experi\u00eancia de ter sido Prefeito de Campina Grande, Veneziano disse que sabe das dificuldades dos gestores e, por isso, defendeu mais investimentos para os Munic\u00edpios que, hoje, praticamente sobrevivem dos \u201cminguados\u201d recursos do Fundo de Participa\u00e7\u00e3o dos Munic\u00edpios (FPM).<\/p>\n\n\n\n<p>\u201cEssa visita que voc\u00eas fizeram a Bras\u00edlia na 22\u00aa Marcha dos Prefeitos n\u00e3o foi in\u00f3cua. Ela valeu muito a pena. E na sexta-feira, na pauta que nos foi entregue, contendo quatro itens priorit\u00e1rios, um deles j\u00e1 foi resolvido sobre a incumb\u00eancia que coube a n\u00f3s, Senadores, que foi a aprova\u00e7\u00e3o da PEC 61\u201d afirmou Veneziano, sendo bastante aplaudido pelos gestores.<\/p>\n\n\n\n<p>Ele defendeu a reformula\u00e7\u00e3o do Pacto Federativo e manifestou apoio aos Prefeitos e \u00e0 pauta municipalista. Veneziano, que votou a favor da Proposta de Emenda \u00e0 Constitui\u00e7\u00e3o 61\/2015, que desburocratiza e d\u00e1 celeridade aos recursos para Estados e Munic\u00edpios, lembrou que, recentemente, em evento em Jo\u00e3o Pessoa, recebeu uma pauta da FAMUP para agilizar a aprova\u00e7\u00e3o da PEC, que, na sua opini\u00e3o, vai reduzir a burocracia e garantir agilidade \u00e0 transfer\u00eancia de recursos aos Estados e Munic\u00edpios.<\/p>\n\n\n\n<p>\u201cEssa PEC significa muito, porque desburocratiza, dinamiza, acelera um processo que \u00e9 atualmente muito dif\u00edcil. Libera\u00e7\u00e3o de recursos de Emendas Individuais dos parlamentares para que esses recursos cheguem \u00e0s Prefeituras \u00e9 uma batalha\u201d observou ele, no encontro da Bancada da Para\u00edba com os gestores paraibanos.<\/p>\n\n\n\n<p><strong>Recep\u00e7\u00e3o no Gabinete \u2013&nbsp;<\/strong>O Senador Veneziano aproveitou a Marcha dos Prefeitos para receber, em seu gabinete, em Bras\u00edlia, v\u00e1rios gestores e tratar de libera\u00e7\u00e3o de Emendas e outros pleitos em favor dos Munic\u00edpios da Para\u00edba.<\/p>\n\n\n\n<p>Ele recebeu a visita dos prefeitos \u00c9den Duarte, de Sum\u00e9; Jarson Santos da Silva, de Nova Floresta; Tiago Castro, de Cabaceiras; Ronaldo Queiroz, de Gurj\u00e3o; Neto Nepomuceno, de Barra de Santa Rosa; Adriano Wolff, de S\u00e3o Sebasti\u00e3o do Umbuzeiro, que estava acompanhado do vice-Prefeito Chico de Mariano; Alan Bastos, de Pedra Branca; e Divaldo Dantas, de Itaporanga, al\u00e9m do deputado Estadual Buba Germano, entre outras autoridades.<\/p>\n","protected":false},"excerpt":{"rendered":"<p>Aos discursar na C\u00e2mara Federal para centenas de prefeitos da Para\u00edba que participam da 22\u00aa Marcha dos Prefeitos, o Senador Veneziano Vital do R\u00eago (PSB-PB)&hellip; <\/p>\n","protected":false},"author":1,"featured_media":91149,"comment_status":"closed","ping_status":"closed","sticky":false,"template":"","format":"standard","meta":{"sfsi_plus_gutenberg_text_before_share":"","sfsi_plus_gutenberg_show_text_before_share":"","sfsi_plus_gutenberg_icon_type":"","sfsi_plus_gutenberg_icon_alignemt":"","sfsi_plus_gutenburg_max_per_row":"","footnotes":""},"categories":[11],"tags":[],"class_list":["post-91148","post","type-post","status-publish","format-standard","has-post-thumbnail","hentry","category-politica"],"_links":{"self":[{"href":"https:\/\/www.caririemacao.com\/1\/wp-json\/wp\/v2\/posts\/91148","targetHints":{"allow":["GET"]}}],"collection":[{"href":"https:\/\/www.caririemacao.com\/1\/wp-json\/wp\/v2\/posts"}],"about":[{"href":"https:\/\/www.caririemacao.com\/1\/wp-json\/wp\/v2\/types\/post"}],"author":[{"embeddable":true,"href":"https:\/\/www.caririemacao.com\/1\/wp-json\/wp\/v2\/users\/1"}],"replies":[{"embeddable":true,"href":"https:\/\/www.caririemacao.com\/1\/wp-json\/wp\/v2\/comments?post=91148"}],"version-history":[{"count":1,"href":"https:\/\/www.caririemacao.com\/1\/wp-json\/wp\/v2\/posts\/91148\/revisions"}],"predecessor-version":[{"id":91150,"href":"https:\/\/www.caririemacao.com\/1\/wp-json\/wp\/v2\/posts\/91148\/revisions\/91150"}],"wp:featuredmedia":[{"embeddable":true,"href":"https:\/\/www.caririemacao.com\/1\/wp-json\/wp\/v2\/media\/91149"}],"wp:attachment":[{"href":"https:\/\/www.caririemacao.com\/1\/wp-json\/wp\/v2\/media?parent=91148"}],"wp:term":[{"taxonomy":"category","embeddable":true,"href":"https:\/\/www.caririemacao.com\/1\/wp-json\/wp\/v2\/categories?post=91148"},{"taxonomy":"post_tag","embeddable":true,"href":"https:\/\/www.caririemacao.com\/1\/wp-json\/wp\/v2\/tags?post=91148"}],"curies":[{"name":"wp","href":"https:\/\/api.w.org\/{rel}","templated":true}]}}