{"id":91152,"date":"2019-04-11T12:56:42","date_gmt":"2019-04-11T15:56:42","guid":{"rendered":"http:\/\/www.caririemacao.com\/1\/?p=91152"},"modified":"2019-04-11T12:56:42","modified_gmt":"2019-04-11T15:56:42","slug":"gastos-com-saude-e-educacao-representam-metade-das-despesas-dos-municipios-paraibanos-em-2019","status":"publish","type":"post","link":"https:\/\/www.caririemacao.com\/1\/2019\/04\/11\/gastos-com-saude-e-educacao-representam-metade-das-despesas-dos-municipios-paraibanos-em-2019\/","title":{"rendered":"Gastos com Sa\u00fade e Educa\u00e7\u00e3o representam metade das despesas dos munic\u00edpios paraibanos em 2019"},"content":{"rendered":"\n<p>Os gastos com Sa\u00fade e Educa\u00e7\u00e3o representaram metade das despesa dos munic\u00edpios da Para\u00edba entre janeiro e mar\u00e7o deste ano, de acordo com dados disponibilizados no Sagres pelo Tribunal de Contas do Estado (TCE-PB). Conforme os valores repassados ao TCE-PB, os gestores paraibanos aplicaram um total de R$ 486,7 milh\u00f5es em Sa\u00fade (25,6% das despesas) e R$ 467,7 milh\u00f5es na \u00e1rea de Educa\u00e7\u00e3o (24.63%).<\/p>\n\n\n\n<p>Outros gastos dos munic\u00edpios inclu\u00edram Administra\u00e7\u00e3o (R$ 330 milh\u00f5es, 17,3% do total), Previd\u00eancia Social (R$ 172,5 milh\u00f5es, 9,09%) e Urbanismo (R$ 140 milh\u00f5es, 7,42%). A lista completa de despesas pode ser conferida no&nbsp;<a href=\"https:\/\/sagresonline.tce.pb.gov.br\/#\/municipal\/inicio\"><strong>Sagres Online<\/strong><\/a>.<\/p>\n","protected":false},"excerpt":{"rendered":"<p>Os gastos com Sa\u00fade e Educa\u00e7\u00e3o representaram metade das despesa dos munic\u00edpios da Para\u00edba entre janeiro e mar\u00e7o deste ano, de acordo com dados disponibilizados&hellip; <\/p>\n","protected":false},"author":1,"featured_media":38050,"comment_status":"closed","ping_status":"closed","sticky":false,"template":"","format":"standard","meta":{"sfsi_plus_gutenberg_text_before_share":"","sfsi_plus_gutenberg_show_text_before_share":"","sfsi_plus_gutenberg_icon_type":"","sfsi_plus_gutenberg_icon_alignemt":"","sfsi_plus_gutenburg_max_per_row":"","footnotes":""},"categories":[14],"tags":[],"class_list":["post-91152","post","type-post","status-publish","format-standard","has-post-thumbnail","hentry","category-educacao"],"_links":{"self":[{"href":"https:\/\/www.caririemacao.com\/1\/wp-json\/wp\/v2\/posts\/91152","targetHints":{"allow":["GET"]}}],"collection":[{"href":"https:\/\/www.caririemacao.com\/1\/wp-json\/wp\/v2\/posts"}],"about":[{"href":"https:\/\/www.caririemacao.com\/1\/wp-json\/wp\/v2\/types\/post"}],"author":[{"embeddable":true,"href":"https:\/\/www.caririemacao.com\/1\/wp-json\/wp\/v2\/users\/1"}],"replies":[{"embeddable":true,"href":"https:\/\/www.caririemacao.com\/1\/wp-json\/wp\/v2\/comments?post=91152"}],"version-history":[{"count":1,"href":"https:\/\/www.caririemacao.com\/1\/wp-json\/wp\/v2\/posts\/91152\/revisions"}],"predecessor-version":[{"id":91153,"href":"https:\/\/www.caririemacao.com\/1\/wp-json\/wp\/v2\/posts\/91152\/revisions\/91153"}],"wp:featuredmedia":[{"embeddable":true,"href":"https:\/\/www.caririemacao.com\/1\/wp-json\/wp\/v2\/media\/38050"}],"wp:attachment":[{"href":"https:\/\/www.caririemacao.com\/1\/wp-json\/wp\/v2\/media?parent=91152"}],"wp:term":[{"taxonomy":"category","embeddable":true,"href":"https:\/\/www.caririemacao.com\/1\/wp-json\/wp\/v2\/categories?post=91152"},{"taxonomy":"post_tag","embeddable":true,"href":"https:\/\/www.caririemacao.com\/1\/wp-json\/wp\/v2\/tags?post=91152"}],"curies":[{"name":"wp","href":"https:\/\/api.w.org\/{rel}","templated":true}]}}